{"id":33372,"date":"2021-12-07T15:47:13","date_gmt":"2021-12-07T20:47:13","guid":{"rendered":"https:\/\/www.ottawafoodbank.ca\/?p=33372"},"modified":"2021-12-07T15:47:13","modified_gmt":"2021-12-07T20:47:13","slug":"merci-de-donner-le-mardi","status":"publish","type":"post","link":"https:\/\/www.ottawafoodbank.ca\/fr\/merci-de-donner-le-mardi\/","title":{"rendered":"Merci de donner le mardi"},"content":{"rendered":"\t\t<div data-elementor-type=\"wp-post\" data-elementor-id=\"33372\" class=\"elementor elementor-33372 elementor-33345\" data-elementor-post-type=\"post\">\n\t\t\t\t\t\t<section class=\"elementor-section elementor-top-section elementor-element elementor-element-dcb53cb elementor-section-boxed elementor-section-height-default elementor-section-height-default\" data-id=\"dcb53cb\" data-element_type=\"section\" data-e-type=\"section\" data-settings=\"{&quot;jet_parallax_layout_list&quot;:[{&quot;jet_parallax_layout_image&quot;:{&quot;url&quot;:&quot;&quot;,&quot;id&quot;:&quot;&quot;,&quot;size&quot;:&quot;&quot;},&quot;_id&quot;:&quot;d728aaa&quot;,&quot;jet_parallax_layout_image_tablet&quot;:{&quot;url&quot;:&quot;&quot;,&quot;id&quot;:&quot;&quot;,&quot;size&quot;:&quot;&quot;},&quot;jet_parallax_layout_image_mobile&quot;:{&quot;url&quot;:&quot;&quot;,&quot;id&quot;:&quot;&quot;,&quot;size&quot;:&quot;&quot;},&quot;jet_parallax_layout_speed&quot;:{&quot;unit&quot;:&quot;%&quot;,&quot;size&quot;:50,&quot;sizes&quot;:[]},&quot;jet_parallax_layout_type&quot;:&quot;scroll&quot;,&quot;jet_parallax_layout_direction&quot;:&quot;1&quot;,&quot;jet_parallax_layout_fx_direction&quot;:null,&quot;jet_parallax_layout_z_index&quot;:&quot;&quot;,&quot;jet_parallax_layout_bg_x&quot;:50,&quot;jet_parallax_layout_bg_x_tablet&quot;:&quot;&quot;,&quot;jet_parallax_layout_bg_x_mobile&quot;:&quot;&quot;,&quot;jet_parallax_layout_bg_y&quot;:50,&quot;jet_parallax_layout_bg_y_tablet&quot;:&quot;&quot;,&quot;jet_parallax_layout_bg_y_mobile&quot;:&quot;&quot;,&quot;jet_parallax_layout_bg_size&quot;:&quot;auto&quot;,&quot;jet_parallax_layout_bg_size_tablet&quot;:&quot;&quot;,&quot;jet_parallax_layout_bg_size_mobile&quot;:&quot;&quot;,&quot;jet_parallax_layout_animation_prop&quot;:&quot;transform&quot;,&quot;jet_parallax_layout_on&quot;:[&quot;desktop&quot;,&quot;tablet&quot;]}]}\">\n\t\t\t\t\t\t<div class=\"elementor-container elementor-column-gap-default\">\n\t\t\t\t\t<div class=\"elementor-column elementor-col-100 elementor-top-column elementor-element elementor-element-a28726d\" data-id=\"a28726d\" data-element_type=\"column\" data-e-type=\"column\">\n\t\t\t<div class=\"elementor-widget-wrap elementor-element-populated\">\n\t\t\t\t\t\t<div class=\"elementor-element elementor-element-eea8f83 elementor-widget elementor-widget-text-editor\" data-id=\"eea8f83\" data-element_type=\"widget\" data-e-type=\"widget\" data-widget_type=\"text-editor.default\">\n\t\t\t\t<div class=\"elementor-widget-container\">\n\t\t\t\t\t\t\t\t\t<h3>Qu&rsquo;est-ce qui est venu apr\u00e8s le vendredi noir et le cyber-lundi ? Mardi je donne !<\/h3>\n<p>Mardi je donne, qui est observ\u00e9 chaque ann\u00e9e depuis 2012, est une journ\u00e9e consacr\u00e9e au don de soi.<\/p>\n<p>La Banque d&rsquo;alimentation d&rsquo;Ottawa, en partenariat avec nos 112 agences membres \u00e0 travers la ville, assure collectivement l&rsquo;acc\u00e8s \u00e0 la nourriture \u00e0 des dizaines de milliers de personnes chaque mois qui se trouvent en situation d&rsquo;ins\u00e9curit\u00e9 alimentaire. \u00c0 l&rsquo;occasion du Mardi je donne, nous nous sommes fix\u00e9 un grand objectif : recueillir des fonds suffisants pour remplir 1 500 r\u00e9frig\u00e9rateurs.<\/p>\n<p>Au cours de la journ\u00e9e, alors que les heures passaient et que notre thermom\u00e8tre des dons augmentait, nous avons re\u00e7u un nombre impressionnant de soutiens. La g\u00e9n\u00e9rosit\u00e9 incroyable de notre communaut\u00e9, combin\u00e9e au d\u00e9fi de dons jumel\u00e9s de <em><strong><span style=\"color: #339966;\">Sobeys<\/span><\/strong><\/em>, nous a permis de remplir plus de&#8230;<\/p>\n<h2 style=\"text-align: center;\"><strong>2 110<\/strong> r\u00e9frig\u00e9rateurs contenant <strong>7 jours de nourriture saine<\/strong> pour une <strong>famille de 4 personnes<\/strong>, soit <strong>plus de 8 450 personnes<\/strong> directement soutenues !<\/h2>\n<h4 style=\"text-align: center;\">MERCI \u00e0 tous ceux qui ont fait des dons et pass\u00e9 le mot. Le succ\u00e8s de ce Mardi je donne ne serait pas possible sans votre incroyable soutien pendant la saison des f\u00eates.<\/h4>\n\t\t\t\t\t\t\t\t<\/div>\n\t\t\t\t<\/div>\n\t\t\t\t<div class=\"elementor-element elementor-element-597e1e9 elementor-widget elementor-widget-image\" data-id=\"597e1e9\" data-element_type=\"widget\" data-e-type=\"widget\" data-widget_type=\"image.default\">\n\t\t\t\t<div class=\"elementor-widget-container\">\n\t\t\t\t\t\t\t\t\t\t\t\t\t\t\t<img fetchpriority=\"high\" decoding=\"async\" width=\"800\" height=\"200\" src=\"https:\/\/www.ottawafoodbank.ca\/wp-content\/uploads\/2019\/12\/img-fridge-01-1024x256.jpg\" class=\"attachment-large size-large wp-image-26294\" alt=\"\" srcset=\"https:\/\/www.ottawafoodbank.ca\/wp-content\/uploads\/2019\/12\/img-fridge-01-1024x256.jpg 1024w, https:\/\/www.ottawafoodbank.ca\/wp-content\/uploads\/2019\/12\/img-fridge-01-300x75.jpg 300w, https:\/\/www.ottawafoodbank.ca\/wp-content\/uploads\/2019\/12\/img-fridge-01-768x192.jpg 768w, https:\/\/www.ottawafoodbank.ca\/wp-content\/uploads\/2019\/12\/img-fridge-01-1536x384.jpg 1536w, https:\/\/www.ottawafoodbank.ca\/wp-content\/uploads\/2019\/12\/img-fridge-01-scaled.jpg 2048w\" sizes=\"(max-width: 800px) 100vw, 800px\" \/>\t\t\t\t\t\t\t\t\t\t\t\t\t\t\t<\/div>\n\t\t\t\t<\/div>\n\t\t\t\t<div class=\"elementor-element elementor-element-765f2b2 elementor-widget elementor-widget-text-editor\" data-id=\"765f2b2\" data-element_type=\"widget\" data-e-type=\"widget\" data-widget_type=\"text-editor.default\">\n\t\t\t\t<div class=\"elementor-widget-container\">\n\t\t\t\t\t\t\t\t\t<p style=\"text-align: center;\">\u00c0 notre partenaire du Mardi je donne, <span style=\"color: #3e9e37;\"><a style=\"color: #3e9e37;\" href=\"https:\/\/www.sobeys.com\/en\/flyer\/?gclid=Cj0KCQiAqbyNBhC2ARIsALDwAsApVP5vH79A_rdFcD0kZhqYctKTZ1bygVGug5aNDQfQmyLEAkZjj1caAjFOEALw_wcB\"><strong>Sobeys<\/strong><\/a> <\/span>:<br \/>\nMerci d&rsquo;avoir encourag\u00e9 les dons en versant<strong> un don \u00e9quivalent de 10 000 $ !<\/strong> Cette contribution a permis aux dons d&rsquo;avoir un impact deux fois plus important. Nous vous sommes tr\u00e8s reconnaissants de votre soutien continu !<\/p>\n<p><img decoding=\"async\" class=\"alignnone size-medium wp-image-22464 aligncenter\" src=\"https:\/\/www.ottawafoodbank.ca\/wp-content\/uploads\/2018\/10\/Sobeys-no-dots-300x100.png\" alt=\"\" width=\"300\" height=\"100\" srcset=\"https:\/\/www.ottawafoodbank.ca\/wp-content\/uploads\/2018\/10\/Sobeys-no-dots-300x100.png 300w, https:\/\/www.ottawafoodbank.ca\/wp-content\/uploads\/2018\/10\/Sobeys-no-dots-768x256.png 768w, https:\/\/www.ottawafoodbank.ca\/wp-content\/uploads\/2018\/10\/Sobeys-no-dots-1024x342.png 1024w, https:\/\/www.ottawafoodbank.ca\/wp-content\/uploads\/2018\/10\/Sobeys-no-dots.png 2048w\" sizes=\"(max-width: 300px) 100vw, 300px\" \/><\/p>\n\t\t\t\t\t\t\t\t<\/div>\n\t\t\t\t<\/div>\n\t\t\t\t\t<\/div>\n\t\t<\/div>\n\t\t\t\t\t<\/div>\n\t\t<\/section>\n\t\t\t\t<\/div>\n\t\t","protected":false},"excerpt":{"rendered":"<p>Qu&rsquo;est-ce qui est venu apr\u00e8s le vendredi noir et le cyber-lundi ? Mardi je donne ! Mardi je donne, qui est observ\u00e9 chaque ann\u00e9e depuis 2012, est une journ\u00e9e consacr\u00e9e [&hellip;]<\/p>\n","protected":false},"author":7,"featured_media":33365,"comment_status":"open","ping_status":"closed","sticky":false,"template":"","format":"standard","meta":{"_acf_changed":false,"inline_featured_image":false,"footnotes":""},"categories":[120,40],"tags":[],"class_list":["post-33372","post","type-post","status-publish","format-standard","has-post-thumbnail","hentry","category-affaires-communautaires","category-blog-fr"],"acf":[],"yoast_head":"<!-- This site is optimized with the Yoast SEO plugin v27.5 - https:\/\/yoast.com\/product\/yoast-seo-wordpress\/ -->\n<title>Merci de donner le mardi - Ottawa Food Bank<\/title>\n<meta name=\"robots\" content=\"index, follow, max-snippet:-1, max-image-preview:large, max-video-preview:-1\" \/>\n<link rel=\"canonical\" href=\"https:\/\/www.ottawafoodbank.ca\/fr\/merci-de-donner-le-mardi\/\" \/>\n<meta property=\"og:locale\" content=\"fr_FR\" \/>\n<meta property=\"og:type\" content=\"article\" \/>\n<meta property=\"og:title\" content=\"Merci de donner le mardi - Ottawa Food Bank\" \/>\n<meta property=\"og:description\" content=\"Qu&rsquo;est-ce qui est venu apr\u00e8s le vendredi noir et le cyber-lundi ? Mardi je donne ! Mardi je donne, qui est observ\u00e9 chaque ann\u00e9e depuis 2012, est une journ\u00e9e consacr\u00e9e [&hellip;]\" \/>\n<meta property=\"og:url\" content=\"https:\/\/www.ottawafoodbank.ca\/fr\/merci-de-donner-le-mardi\/\" \/>\n<meta property=\"og:site_name\" content=\"Ottawa Food Bank\" \/>\n<meta property=\"article:publisher\" content=\"http:\/\/www.facebook.com\/OttawaFoodBank\" \/>\n<meta property=\"article:published_time\" content=\"2021-12-07T20:47:13+00:00\" \/>\n<meta property=\"og:image\" content=\"https:\/\/www.ottawafoodbank.ca\/wp-content\/uploads\/2021\/12\/Giving-Tuesday-Thank-You-3.png\" \/>\n\t<meta property=\"og:image:width\" content=\"1800\" \/>\n\t<meta property=\"og:image:height\" content=\"945\" \/>\n\t<meta property=\"og:image:type\" content=\"image\/png\" \/>\n<meta name=\"author\" content=\"Alex Noreau\" \/>\n<meta name=\"twitter:card\" content=\"summary_large_image\" \/>\n<meta name=\"twitter:creator\" content=\"@OttawaFoodBank\" \/>\n<meta name=\"twitter:site\" content=\"@OttawaFoodBank\" \/>\n<meta name=\"twitter:label1\" content=\"\u00c9crit par\" \/>\n\t<meta name=\"twitter:data1\" content=\"Alex Noreau\" \/>\n\t<meta name=\"twitter:label2\" content=\"Dur\u00e9e de lecture estim\u00e9e\" \/>\n\t<meta name=\"twitter:data2\" content=\"1 minute\" \/>\n<script type=\"application\/ld+json\" class=\"yoast-schema-graph\">{\"@context\":\"https:\\\/\\\/schema.org\",\"@graph\":[{\"@type\":\"Article\",\"@id\":\"https:\\\/\\\/www.ottawafoodbank.ca\\\/fr\\\/merci-de-donner-le-mardi\\\/#article\",\"isPartOf\":{\"@id\":\"https:\\\/\\\/www.ottawafoodbank.ca\\\/fr\\\/merci-de-donner-le-mardi\\\/\"},\"author\":{\"name\":\"Alex Noreau\",\"@id\":\"https:\\\/\\\/www.ottawafoodbank.ca\\\/fr\\\/#\\\/schema\\\/person\\\/27670ba69cee675a71b4a6b0ae853d62\"},\"headline\":\"Merci de donner le mardi\",\"datePublished\":\"2021-12-07T20:47:13+00:00\",\"mainEntityOfPage\":{\"@id\":\"https:\\\/\\\/www.ottawafoodbank.ca\\\/fr\\\/merci-de-donner-le-mardi\\\/\"},\"wordCount\":252,\"commentCount\":0,\"publisher\":{\"@id\":\"https:\\\/\\\/www.ottawafoodbank.ca\\\/fr\\\/#organization\"},\"image\":{\"@id\":\"https:\\\/\\\/www.ottawafoodbank.ca\\\/fr\\\/merci-de-donner-le-mardi\\\/#primaryimage\"},\"thumbnailUrl\":\"https:\\\/\\\/www.ottawafoodbank.ca\\\/wp-content\\\/uploads\\\/2021\\\/12\\\/Giving-Tuesday-Thank-You-3.png\",\"articleSection\":[\"Affaires communautaires\",\"Blog\"],\"inLanguage\":\"fr-FR\",\"potentialAction\":[{\"@type\":\"CommentAction\",\"name\":\"Comment\",\"target\":[\"https:\\\/\\\/www.ottawafoodbank.ca\\\/fr\\\/merci-de-donner-le-mardi\\\/#respond\"]}]},{\"@type\":\"WebPage\",\"@id\":\"https:\\\/\\\/www.ottawafoodbank.ca\\\/fr\\\/merci-de-donner-le-mardi\\\/\",\"url\":\"https:\\\/\\\/www.ottawafoodbank.ca\\\/fr\\\/merci-de-donner-le-mardi\\\/\",\"name\":\"Merci de donner le mardi - Ottawa Food Bank\",\"isPartOf\":{\"@id\":\"https:\\\/\\\/www.ottawafoodbank.ca\\\/fr\\\/#website\"},\"primaryImageOfPage\":{\"@id\":\"https:\\\/\\\/www.ottawafoodbank.ca\\\/fr\\\/merci-de-donner-le-mardi\\\/#primaryimage\"},\"image\":{\"@id\":\"https:\\\/\\\/www.ottawafoodbank.ca\\\/fr\\\/merci-de-donner-le-mardi\\\/#primaryimage\"},\"thumbnailUrl\":\"https:\\\/\\\/www.ottawafoodbank.ca\\\/wp-content\\\/uploads\\\/2021\\\/12\\\/Giving-Tuesday-Thank-You-3.png\",\"datePublished\":\"2021-12-07T20:47:13+00:00\",\"breadcrumb\":{\"@id\":\"https:\\\/\\\/www.ottawafoodbank.ca\\\/fr\\\/merci-de-donner-le-mardi\\\/#breadcrumb\"},\"inLanguage\":\"fr-FR\",\"potentialAction\":[{\"@type\":\"ReadAction\",\"target\":[\"https:\\\/\\\/www.ottawafoodbank.ca\\\/fr\\\/merci-de-donner-le-mardi\\\/\"]}]},{\"@type\":\"ImageObject\",\"inLanguage\":\"fr-FR\",\"@id\":\"https:\\\/\\\/www.ottawafoodbank.ca\\\/fr\\\/merci-de-donner-le-mardi\\\/#primaryimage\",\"url\":\"https:\\\/\\\/www.ottawafoodbank.ca\\\/wp-content\\\/uploads\\\/2021\\\/12\\\/Giving-Tuesday-Thank-You-3.png\",\"contentUrl\":\"https:\\\/\\\/www.ottawafoodbank.ca\\\/wp-content\\\/uploads\\\/2021\\\/12\\\/Giving-Tuesday-Thank-You-3.png\",\"width\":1800,\"height\":945},{\"@type\":\"BreadcrumbList\",\"@id\":\"https:\\\/\\\/www.ottawafoodbank.ca\\\/fr\\\/merci-de-donner-le-mardi\\\/#breadcrumb\",\"itemListElement\":[{\"@type\":\"ListItem\",\"position\":1,\"name\":\"Accueil\",\"item\":\"https:\\\/\\\/www.ottawafoodbank.ca\\\/fr\\\/accueil\\\/\"},{\"@type\":\"ListItem\",\"position\":2,\"name\":\"Affaires communautaires\",\"item\":\"https:\\\/\\\/www.ottawafoodbank.ca\\\/fr\\\/category\\\/affaires-communautaires\\\/\"},{\"@type\":\"ListItem\",\"position\":3,\"name\":\"Merci de donner le mardi\"}]},{\"@type\":\"WebSite\",\"@id\":\"https:\\\/\\\/www.ottawafoodbank.ca\\\/fr\\\/#website\",\"url\":\"https:\\\/\\\/www.ottawafoodbank.ca\\\/fr\\\/\",\"name\":\"Ottawa Food Bank\",\"description\":\"People succeed when they aren&#039;t hungry. We make that happen.\",\"publisher\":{\"@id\":\"https:\\\/\\\/www.ottawafoodbank.ca\\\/fr\\\/#organization\"},\"potentialAction\":[{\"@type\":\"SearchAction\",\"target\":{\"@type\":\"EntryPoint\",\"urlTemplate\":\"https:\\\/\\\/www.ottawafoodbank.ca\\\/fr\\\/?s={search_term_string}\"},\"query-input\":{\"@type\":\"PropertyValueSpecification\",\"valueRequired\":true,\"valueName\":\"search_term_string\"}}],\"inLanguage\":\"fr-FR\"},{\"@type\":\"Organization\",\"@id\":\"https:\\\/\\\/www.ottawafoodbank.ca\\\/fr\\\/#organization\",\"name\":\"Ottawa Food Bank\",\"url\":\"https:\\\/\\\/www.ottawafoodbank.ca\\\/fr\\\/\",\"logo\":{\"@type\":\"ImageObject\",\"inLanguage\":\"fr-FR\",\"@id\":\"https:\\\/\\\/www.ottawafoodbank.ca\\\/fr\\\/#\\\/schema\\\/logo\\\/image\\\/\",\"url\":\"https:\\\/\\\/www.ottawafoodbank.ca\\\/wp-content\\\/uploads\\\/2019\\\/07\\\/OFB-logo2011-R-BILING.jpg\",\"contentUrl\":\"https:\\\/\\\/www.ottawafoodbank.ca\\\/wp-content\\\/uploads\\\/2019\\\/07\\\/OFB-logo2011-R-BILING.jpg\",\"width\":466,\"height\":259,\"caption\":\"Ottawa Food Bank\"},\"image\":{\"@id\":\"https:\\\/\\\/www.ottawafoodbank.ca\\\/fr\\\/#\\\/schema\\\/logo\\\/image\\\/\"},\"sameAs\":[\"http:\\\/\\\/www.facebook.com\\\/OttawaFoodBank\",\"https:\\\/\\\/x.com\\\/OttawaFoodBank\",\"https:\\\/\\\/instagram.com\\\/ottawafoodbank\",\"http:\\\/\\\/www.youtube.com\\\/ottawafoodbank\"]},{\"@type\":\"Person\",\"@id\":\"https:\\\/\\\/www.ottawafoodbank.ca\\\/fr\\\/#\\\/schema\\\/person\\\/27670ba69cee675a71b4a6b0ae853d62\",\"name\":\"Alex Noreau\",\"image\":{\"@type\":\"ImageObject\",\"inLanguage\":\"fr-FR\",\"@id\":\"https:\\\/\\\/secure.gravatar.com\\\/avatar\\\/2ff82eb71cb3da39d2e341b0809b3848562e5a5a346c2357f4069891956fc7d4?s=96&d=mm&r=g\",\"url\":\"https:\\\/\\\/secure.gravatar.com\\\/avatar\\\/2ff82eb71cb3da39d2e341b0809b3848562e5a5a346c2357f4069891956fc7d4?s=96&d=mm&r=g\",\"contentUrl\":\"https:\\\/\\\/secure.gravatar.com\\\/avatar\\\/2ff82eb71cb3da39d2e341b0809b3848562e5a5a346c2357f4069891956fc7d4?s=96&d=mm&r=g\",\"caption\":\"Alex Noreau\"}}]}<\/script>\n<!-- \/ Yoast SEO plugin. -->","yoast_head_json":{"title":"Merci de donner le mardi - Ottawa Food Bank","robots":{"index":"index","follow":"follow","max-snippet":"max-snippet:-1","max-image-preview":"max-image-preview:large","max-video-preview":"max-video-preview:-1"},"canonical":"https:\/\/www.ottawafoodbank.ca\/fr\/merci-de-donner-le-mardi\/","og_locale":"fr_FR","og_type":"article","og_title":"Merci de donner le mardi - Ottawa Food Bank","og_description":"Qu&rsquo;est-ce qui est venu apr\u00e8s le vendredi noir et le cyber-lundi ? Mardi je donne ! Mardi je donne, qui est observ\u00e9 chaque ann\u00e9e depuis 2012, est une journ\u00e9e consacr\u00e9e [&hellip;]","og_url":"https:\/\/www.ottawafoodbank.ca\/fr\/merci-de-donner-le-mardi\/","og_site_name":"Ottawa Food Bank","article_publisher":"http:\/\/www.facebook.com\/OttawaFoodBank","article_published_time":"2021-12-07T20:47:13+00:00","og_image":[{"width":1800,"height":945,"url":"https:\/\/www.ottawafoodbank.ca\/wp-content\/uploads\/2021\/12\/Giving-Tuesday-Thank-You-3.png","type":"image\/png"}],"author":"Alex Noreau","twitter_card":"summary_large_image","twitter_creator":"@OttawaFoodBank","twitter_site":"@OttawaFoodBank","twitter_misc":{"\u00c9crit par":"Alex Noreau","Dur\u00e9e de lecture estim\u00e9e":"1 minute"},"schema":{"@context":"https:\/\/schema.org","@graph":[{"@type":"Article","@id":"https:\/\/www.ottawafoodbank.ca\/fr\/merci-de-donner-le-mardi\/#article","isPartOf":{"@id":"https:\/\/www.ottawafoodbank.ca\/fr\/merci-de-donner-le-mardi\/"},"author":{"name":"Alex Noreau","@id":"https:\/\/www.ottawafoodbank.ca\/fr\/#\/schema\/person\/27670ba69cee675a71b4a6b0ae853d62"},"headline":"Merci de donner le mardi","datePublished":"2021-12-07T20:47:13+00:00","mainEntityOfPage":{"@id":"https:\/\/www.ottawafoodbank.ca\/fr\/merci-de-donner-le-mardi\/"},"wordCount":252,"commentCount":0,"publisher":{"@id":"https:\/\/www.ottawafoodbank.ca\/fr\/#organization"},"image":{"@id":"https:\/\/www.ottawafoodbank.ca\/fr\/merci-de-donner-le-mardi\/#primaryimage"},"thumbnailUrl":"https:\/\/www.ottawafoodbank.ca\/wp-content\/uploads\/2021\/12\/Giving-Tuesday-Thank-You-3.png","articleSection":["Affaires communautaires","Blog"],"inLanguage":"fr-FR","potentialAction":[{"@type":"CommentAction","name":"Comment","target":["https:\/\/www.ottawafoodbank.ca\/fr\/merci-de-donner-le-mardi\/#respond"]}]},{"@type":"WebPage","@id":"https:\/\/www.ottawafoodbank.ca\/fr\/merci-de-donner-le-mardi\/","url":"https:\/\/www.ottawafoodbank.ca\/fr\/merci-de-donner-le-mardi\/","name":"Merci de donner le mardi - Ottawa Food Bank","isPartOf":{"@id":"https:\/\/www.ottawafoodbank.ca\/fr\/#website"},"primaryImageOfPage":{"@id":"https:\/\/www.ottawafoodbank.ca\/fr\/merci-de-donner-le-mardi\/#primaryimage"},"image":{"@id":"https:\/\/www.ottawafoodbank.ca\/fr\/merci-de-donner-le-mardi\/#primaryimage"},"thumbnailUrl":"https:\/\/www.ottawafoodbank.ca\/wp-content\/uploads\/2021\/12\/Giving-Tuesday-Thank-You-3.png","datePublished":"2021-12-07T20:47:13+00:00","breadcrumb":{"@id":"https:\/\/www.ottawafoodbank.ca\/fr\/merci-de-donner-le-mardi\/#breadcrumb"},"inLanguage":"fr-FR","potentialAction":[{"@type":"ReadAction","target":["https:\/\/www.ottawafoodbank.ca\/fr\/merci-de-donner-le-mardi\/"]}]},{"@type":"ImageObject","inLanguage":"fr-FR","@id":"https:\/\/www.ottawafoodbank.ca\/fr\/merci-de-donner-le-mardi\/#primaryimage","url":"https:\/\/www.ottawafoodbank.ca\/wp-content\/uploads\/2021\/12\/Giving-Tuesday-Thank-You-3.png","contentUrl":"https:\/\/www.ottawafoodbank.ca\/wp-content\/uploads\/2021\/12\/Giving-Tuesday-Thank-You-3.png","width":1800,"height":945},{"@type":"BreadcrumbList","@id":"https:\/\/www.ottawafoodbank.ca\/fr\/merci-de-donner-le-mardi\/#breadcrumb","itemListElement":[{"@type":"ListItem","position":1,"name":"Accueil","item":"https:\/\/www.ottawafoodbank.ca\/fr\/accueil\/"},{"@type":"ListItem","position":2,"name":"Affaires communautaires","item":"https:\/\/www.ottawafoodbank.ca\/fr\/category\/affaires-communautaires\/"},{"@type":"ListItem","position":3,"name":"Merci de donner le mardi"}]},{"@type":"WebSite","@id":"https:\/\/www.ottawafoodbank.ca\/fr\/#website","url":"https:\/\/www.ottawafoodbank.ca\/fr\/","name":"Ottawa Food Bank","description":"People succeed when they aren&#039;t hungry. We make that happen.","publisher":{"@id":"https:\/\/www.ottawafoodbank.ca\/fr\/#organization"},"potentialAction":[{"@type":"SearchAction","target":{"@type":"EntryPoint","urlTemplate":"https:\/\/www.ottawafoodbank.ca\/fr\/?s={search_term_string}"},"query-input":{"@type":"PropertyValueSpecification","valueRequired":true,"valueName":"search_term_string"}}],"inLanguage":"fr-FR"},{"@type":"Organization","@id":"https:\/\/www.ottawafoodbank.ca\/fr\/#organization","name":"Ottawa Food Bank","url":"https:\/\/www.ottawafoodbank.ca\/fr\/","logo":{"@type":"ImageObject","inLanguage":"fr-FR","@id":"https:\/\/www.ottawafoodbank.ca\/fr\/#\/schema\/logo\/image\/","url":"https:\/\/www.ottawafoodbank.ca\/wp-content\/uploads\/2019\/07\/OFB-logo2011-R-BILING.jpg","contentUrl":"https:\/\/www.ottawafoodbank.ca\/wp-content\/uploads\/2019\/07\/OFB-logo2011-R-BILING.jpg","width":466,"height":259,"caption":"Ottawa Food Bank"},"image":{"@id":"https:\/\/www.ottawafoodbank.ca\/fr\/#\/schema\/logo\/image\/"},"sameAs":["http:\/\/www.facebook.com\/OttawaFoodBank","https:\/\/x.com\/OttawaFoodBank","https:\/\/instagram.com\/ottawafoodbank","http:\/\/www.youtube.com\/ottawafoodbank"]},{"@type":"Person","@id":"https:\/\/www.ottawafoodbank.ca\/fr\/#\/schema\/person\/27670ba69cee675a71b4a6b0ae853d62","name":"Alex Noreau","image":{"@type":"ImageObject","inLanguage":"fr-FR","@id":"https:\/\/secure.gravatar.com\/avatar\/2ff82eb71cb3da39d2e341b0809b3848562e5a5a346c2357f4069891956fc7d4?s=96&d=mm&r=g","url":"https:\/\/secure.gravatar.com\/avatar\/2ff82eb71cb3da39d2e341b0809b3848562e5a5a346c2357f4069891956fc7d4?s=96&d=mm&r=g","contentUrl":"https:\/\/secure.gravatar.com\/avatar\/2ff82eb71cb3da39d2e341b0809b3848562e5a5a346c2357f4069891956fc7d4?s=96&d=mm&r=g","caption":"Alex Noreau"}}]}},"_links":{"self":[{"href":"https:\/\/www.ottawafoodbank.ca\/fr\/wp-json\/wp\/v2\/posts\/33372","targetHints":{"allow":["GET"]}}],"collection":[{"href":"https:\/\/www.ottawafoodbank.ca\/fr\/wp-json\/wp\/v2\/posts"}],"about":[{"href":"https:\/\/www.ottawafoodbank.ca\/fr\/wp-json\/wp\/v2\/types\/post"}],"author":[{"embeddable":true,"href":"https:\/\/www.ottawafoodbank.ca\/fr\/wp-json\/wp\/v2\/users\/7"}],"replies":[{"embeddable":true,"href":"https:\/\/www.ottawafoodbank.ca\/fr\/wp-json\/wp\/v2\/comments?post=33372"}],"version-history":[{"count":2,"href":"https:\/\/www.ottawafoodbank.ca\/fr\/wp-json\/wp\/v2\/posts\/33372\/revisions"}],"predecessor-version":[{"id":33374,"href":"https:\/\/www.ottawafoodbank.ca\/fr\/wp-json\/wp\/v2\/posts\/33372\/revisions\/33374"}],"wp:featuredmedia":[{"embeddable":true,"href":"https:\/\/www.ottawafoodbank.ca\/fr\/wp-json\/wp\/v2\/media\/33365"}],"wp:attachment":[{"href":"https:\/\/www.ottawafoodbank.ca\/fr\/wp-json\/wp\/v2\/media?parent=33372"}],"wp:term":[{"taxonomy":"category","embeddable":true,"href":"https:\/\/www.ottawafoodbank.ca\/fr\/wp-json\/wp\/v2\/categories?post=33372"},{"taxonomy":"post_tag","embeddable":true,"href":"https:\/\/www.ottawafoodbank.ca\/fr\/wp-json\/wp\/v2\/tags?post=33372"}],"curies":[{"name":"wp","href":"https:\/\/api.w.org\/{rel}","templated":true}]}}