{"id":33469,"date":"2021-12-10T09:17:13","date_gmt":"2021-12-10T14:17:13","guid":{"rendered":"https:\/\/www.ottawafoodbank.ca\/?p=33469"},"modified":"2021-12-10T09:17:13","modified_gmt":"2021-12-10T14:17:13","slug":"aujourdhui-cest-le-project-give-de-cbc-ottawa","status":"publish","type":"post","link":"https:\/\/www.ottawafoodbank.ca\/fr\/aujourdhui-cest-le-project-give-de-cbc-ottawa\/","title":{"rendered":"Aujourd&rsquo;hui, c&rsquo;est le Project Give de CBC Ottawa !"},"content":{"rendered":"\t\t<div data-elementor-type=\"wp-post\" data-elementor-id=\"33469\" class=\"elementor elementor-33469 elementor-33460\" data-elementor-post-type=\"post\">\n\t\t\t\t\t\t<section class=\"elementor-section elementor-top-section elementor-element elementor-element-9cb5a41 elementor-section-boxed elementor-section-height-default elementor-section-height-default\" data-id=\"9cb5a41\" data-element_type=\"section\" data-e-type=\"section\" data-settings=\"{&quot;jet_parallax_layout_list&quot;:[{&quot;jet_parallax_layout_image&quot;:{&quot;url&quot;:&quot;&quot;,&quot;id&quot;:&quot;&quot;,&quot;size&quot;:&quot;&quot;},&quot;_id&quot;:&quot;74854ab&quot;,&quot;jet_parallax_layout_image_tablet&quot;:{&quot;url&quot;:&quot;&quot;,&quot;id&quot;:&quot;&quot;,&quot;size&quot;:&quot;&quot;},&quot;jet_parallax_layout_image_mobile&quot;:{&quot;url&quot;:&quot;&quot;,&quot;id&quot;:&quot;&quot;,&quot;size&quot;:&quot;&quot;},&quot;jet_parallax_layout_speed&quot;:{&quot;unit&quot;:&quot;%&quot;,&quot;size&quot;:50,&quot;sizes&quot;:[]},&quot;jet_parallax_layout_type&quot;:&quot;scroll&quot;,&quot;jet_parallax_layout_direction&quot;:&quot;1&quot;,&quot;jet_parallax_layout_fx_direction&quot;:null,&quot;jet_parallax_layout_z_index&quot;:&quot;&quot;,&quot;jet_parallax_layout_bg_x&quot;:50,&quot;jet_parallax_layout_bg_x_tablet&quot;:&quot;&quot;,&quot;jet_parallax_layout_bg_x_mobile&quot;:&quot;&quot;,&quot;jet_parallax_layout_bg_y&quot;:50,&quot;jet_parallax_layout_bg_y_tablet&quot;:&quot;&quot;,&quot;jet_parallax_layout_bg_y_mobile&quot;:&quot;&quot;,&quot;jet_parallax_layout_bg_size&quot;:&quot;auto&quot;,&quot;jet_parallax_layout_bg_size_tablet&quot;:&quot;&quot;,&quot;jet_parallax_layout_bg_size_mobile&quot;:&quot;&quot;,&quot;jet_parallax_layout_animation_prop&quot;:&quot;transform&quot;,&quot;jet_parallax_layout_on&quot;:[&quot;desktop&quot;,&quot;tablet&quot;]}]}\">\n\t\t\t\t\t\t<div class=\"elementor-container elementor-column-gap-default\">\n\t\t\t\t\t<div class=\"elementor-column elementor-col-100 elementor-top-column elementor-element elementor-element-698d760\" data-id=\"698d760\" data-element_type=\"column\" data-e-type=\"column\">\n\t\t\t<div class=\"elementor-widget-wrap elementor-element-populated\">\n\t\t\t\t\t\t<div class=\"elementor-element elementor-element-1dc014d elementor-widget elementor-widget-text-editor\" data-id=\"1dc014d\" data-element_type=\"widget\" data-e-type=\"widget\" data-widget_type=\"text-editor.default\">\n\t\t\t\t<div class=\"elementor-widget-container\">\n\t\t\t\t\t\t\t\t\t<p>Aujourd&rsquo;hui, CBC Ottawa accueille <strong><a href=\"https:\/\/www.cbc.ca\/news\/canada\/ottawa\/community\/project-give-2021-1.6264631\">Project Give <\/a><\/strong>: une campagne de charit\u00e9 annuelle au profit de la Banque d&rsquo;alimentation d&rsquo;Ottawa !<\/p>\n<p>Tout au long de la journ\u00e9e, la programmation de Project Give de CBC Ottawa pr\u00e9sentera des personnes qui rendent cette saison des f\u00eates plus joyeuse en partageant de la nourriture et en mettant en valeur les actes de bont\u00e9 dans la communaut\u00e9. Cette journ\u00e9e est marqu\u00e9e par le partage des histoires \u00e0 propos des personnes et des organisations qui contribuent \u00e0 avoir un impact dans notre ville en combattant la faim, ensemble.<\/p>\n<section id=\"inread-wrapper-id-38346680\"><\/section>\n<p>Chaque mois, des dizaines de milliers de personnes sont aid\u00e9es par la Banque d&rsquo;alimentation d&rsquo;Ottawa et par les r\u00e9seaux de programmes alimentaires avec qui nous sommes partenaires. Votre soutien par le programme CBC Project Give fait une diff\u00e9rence importante dans leur vie.<\/p>\n\t\t\t\t\t\t\t\t<\/div>\n\t\t\t\t<\/div>\n\t\t\t\t<div class=\"elementor-element elementor-element-a7f0437 elementor-widget elementor-widget-text-editor\" data-id=\"a7f0437\" data-element_type=\"widget\" data-e-type=\"widget\" data-widget_type=\"text-editor.default\">\n\t\t\t\t<div class=\"elementor-widget-container\">\n\t\t\t\t\t\t\t\t\t<h3 style=\"text-align: center;\"><strong>Comment pouvez-vous participer ?<\/strong><\/h3>\n<p><strong>Cette ann\u00e9e, il y a <span style=\"text-decoration: underline;\"><span style=\"color: #d20027; text-decoration: underline;\">3<\/span><\/span> fa\u00e7ons de donner :<\/strong><\/p>\n<p>\u2022 Faites <strong>un don en ligne<\/strong> en cliquant<a href=\"https:\/\/can01.safelinks.protection.outlook.com\/?url=https%3A%2F%2Fdonate.ottawafoodbank.ca%2Fui%2FCBCProjectGive2021%2F&amp;data=04%7C01%7C%7C6d6f94e3ac4a4eae96e508d9bb23d44a%7C5d730e71d08845f59e0eb3e74fede18a%7C0%7C0%7C637746584814997045%7CUnknown%7CTWFpbGZsb3d8eyJWIjoiMC4wLjAwMDAiLCJQIjoiV2luMzIiLCJBTiI6Ik1haWwiLCJXVCI6Mn0%3D%7C3000&amp;sdata=ULiZD%2FUh8%2B4VU7xSDc2bqFx58oD%2FIbpXhFCM7lsPI5Q%3D&amp;reserved=0\"><strong> ici !<\/strong><\/a><strong><br \/>\n<\/strong>\u2022 Faites <strong>un don par t\u00e9l\u00e9phone<\/strong> ! Appelez <strong>613-714-HELP (4357)<\/strong> le vendredi 10 d\u00e9cembre de 5 h 30 \u00e0 19 h 30 (<em>les lignes t\u00e9l\u00e9phoniques ne sont actives que pendant cette p\u00e9riode<\/em>).<em><br \/>\n\u2022 <\/em>Venez nous voir <strong>en personne<\/strong> au<strong><a href=\"https:\/\/irenes-pub-restaurant.myshopify.com\/\"> Irene&rsquo;s Pub<\/a><\/strong> lors du concert sp\u00e9cial organis\u00e9 par<em> All in a Day<\/em> de 15h \u00e0 18h, pour entendre <a href=\"https:\/\/nayanasmusic.com\/\">Nayana<\/a>, le <a href=\"https:\/\/www.migueldearmas.com\/\">Miguel de Armas Quartet<\/a> et <a href=\"https:\/\/www.twinflamesmusic.com\/\">Twin Flames<\/a>.<\/p>\n\t\t\t\t\t\t\t\t<\/div>\n\t\t\t\t<\/div>\n\t\t\t\t<div class=\"elementor-element elementor-element-2441dca elementor-widget elementor-widget-text-editor\" data-id=\"2441dca\" data-element_type=\"widget\" data-e-type=\"widget\" data-widget_type=\"text-editor.default\">\n\t\t\t\t<div class=\"elementor-widget-container\">\n\t\t\t\t\t\t\t\t\t<h4 style=\"text-align: center;\"><em>Voici un aper\u00e7u de la programmation de Project Give de CBC Ottawa pour aujourd&rsquo;hui :<\/em><\/h4>\n\t\t\t\t\t\t\t\t<\/div>\n\t\t\t\t<\/div>\n\t\t\t\t<div class=\"elementor-element elementor-element-32f310e elementor-widget elementor-widget-toggle\" data-id=\"32f310e\" data-element_type=\"widget\" data-e-type=\"widget\" data-widget_type=\"toggle.default\">\n\t\t\t\t<div class=\"elementor-widget-container\">\n\t\t\t\t\t\t\t<div class=\"elementor-toggle\">\n\t\t\t\t\t\t\t<div class=\"elementor-toggle-item\">\n\t\t\t\t\t<div id=\"elementor-tab-title-5341\" class=\"elementor-tab-title\" data-tab=\"1\" role=\"button\" aria-controls=\"elementor-tab-content-5341\" aria-expanded=\"false\">\n\t\t\t\t\t\t\t\t\t\t\t\t<span class=\"elementor-toggle-icon elementor-toggle-icon-left\" aria-hidden=\"true\">\n\t\t\t\t\t\t\t\t\t\t\t\t\t\t\t<span class=\"elementor-toggle-icon-closed\"><i class=\"fas fa-caret-right\"><\/i><\/span>\n\t\t\t\t\t\t\t\t<span class=\"elementor-toggle-icon-opened\"><i class=\"elementor-toggle-icon-opened fas fa-caret-up\"><\/i><\/span>\n\t\t\t\t\t\t\t\t\t\t\t\t\t<\/span>\n\t\t\t\t\t\t\t\t\t\t\t\t<a class=\"elementor-toggle-title\" tabindex=\"0\">Ottawa Morning<\/a>\n\t\t\t\t\t<\/div>\n\n\t\t\t\t\t<div id=\"elementor-tab-content-5341\" class=\"elementor-tab-content elementor-clearfix\" data-tab=\"1\" role=\"region\" aria-labelledby=\"elementor-tab-title-5341\"><p><a href=\"https:\/\/www.cbc.ca\/listen\/live-radio\/1-100-ottawa-morning\"><strong>Ottawa Morning<\/strong><\/a><br \/>\n<strong>5 h 30 \u00e0 8 h 30 \/ CBC Radio One 91,5 FM ou sur l&rsquo;application CBC Listen<\/strong><\/p>\n<p>R\u00e9veillez-vous avec Ottawa Morning et l&rsquo;animatrice Robyn Bresnahan pour une journ\u00e9e de contes qui met en lumi\u00e8re l&rsquo;importance du don communautaire &#8211; surtout en p\u00e9riode de pand\u00e9mie.<\/p>\n<p>Soyez \u00e0 l&rsquo;\u00e9coute pour entendre des auditeurs m\u00e9ritants (d\u00e9sign\u00e9s par vous) recevoir des appels \u00e0 la bont\u00e9 de la part de c\u00e9l\u00e9brit\u00e9s canadiennes. Nous ne pouvons cependant pas vous dire qui, sinon nous g\u00e2cherions la surprise.\u00a0De plus, Robyn donnera le coup d&rsquo;envoi des sons de la saison avec des musiciens locaux &#8211; dont Amanda Rheaume, le pianiste John Kofi Dapaah et The Lionyls &#8211; qui vous offriront de la musique en direct dans le cadre d&rsquo;une s\u00e9rie sp\u00e9ciale de concerts \u00e0 domicile.<\/p>\n<\/div>\n\t\t\t\t<\/div>\n\t\t\t\t\t\t\t<div class=\"elementor-toggle-item\">\n\t\t\t\t\t<div id=\"elementor-tab-title-5342\" class=\"elementor-tab-title\" data-tab=\"2\" role=\"button\" aria-controls=\"elementor-tab-content-5342\" aria-expanded=\"false\">\n\t\t\t\t\t\t\t\t\t\t\t\t<span class=\"elementor-toggle-icon elementor-toggle-icon-left\" aria-hidden=\"true\">\n\t\t\t\t\t\t\t\t\t\t\t\t\t\t\t<span class=\"elementor-toggle-icon-closed\"><i class=\"fas fa-caret-right\"><\/i><\/span>\n\t\t\t\t\t\t\t\t<span class=\"elementor-toggle-icon-opened\"><i class=\"elementor-toggle-icon-opened fas fa-caret-up\"><\/i><\/span>\n\t\t\t\t\t\t\t\t\t\t\t\t\t<\/span>\n\t\t\t\t\t\t\t\t\t\t\t\t<a class=\"elementor-toggle-title\" tabindex=\"0\">Ontario Today<\/a>\n\t\t\t\t\t<\/div>\n\n\t\t\t\t\t<div id=\"elementor-tab-content-5342\" class=\"elementor-tab-content elementor-clearfix\" data-tab=\"2\" role=\"region\" aria-labelledby=\"elementor-tab-title-5342\"><p><em><a href=\"https:\/\/www.cbc.ca\/listen\/live-radio\/1-45-ontario-today\"><strong>Ontario Today<\/strong><\/a><\/em><br \/>\n<strong>12h00 \u00e0 13h00 \/ CBC Radio One 91.5 FM ou sur l&rsquo;application CBC Listen<\/strong><\/p>\n<p>Joignez-vous \u00e0 l&rsquo;animatrice Amanda Pfeffer pour un Ontario Today sp\u00e9cial avec Rawlson King, conseiller de Rideau-Rockcliffe, son invit\u00e9 pour une \u00e9mission de ligne ouverte avec des interlocuteurs qui ont eu recours aux banques alimentaires et qui ont des id\u00e9es sur la fa\u00e7on de r\u00e9duire la faim.<\/p>\n<\/div>\n\t\t\t\t<\/div>\n\t\t\t\t\t\t\t<div class=\"elementor-toggle-item\">\n\t\t\t\t\t<div id=\"elementor-tab-title-5343\" class=\"elementor-tab-title\" data-tab=\"3\" role=\"button\" aria-controls=\"elementor-tab-content-5343\" aria-expanded=\"false\">\n\t\t\t\t\t\t\t\t\t\t\t\t<span class=\"elementor-toggle-icon elementor-toggle-icon-left\" aria-hidden=\"true\">\n\t\t\t\t\t\t\t\t\t\t\t\t\t\t\t<span class=\"elementor-toggle-icon-closed\"><i class=\"fas fa-caret-right\"><\/i><\/span>\n\t\t\t\t\t\t\t\t<span class=\"elementor-toggle-icon-opened\"><i class=\"elementor-toggle-icon-opened fas fa-caret-up\"><\/i><\/span>\n\t\t\t\t\t\t\t\t\t\t\t\t\t<\/span>\n\t\t\t\t\t\t\t\t\t\t\t\t<a class=\"elementor-toggle-title\" tabindex=\"0\">All in A Day<\/a>\n\t\t\t\t\t<\/div>\n\n\t\t\t\t\t<div id=\"elementor-tab-content-5343\" class=\"elementor-tab-content elementor-clearfix\" data-tab=\"3\" role=\"region\" aria-labelledby=\"elementor-tab-title-5343\"><p><a href=\"https:\/\/www.cbc.ca\/listen\/live-radio\/1-92-all-in-a-day\"><em><strong>All in a Day<\/strong><\/em><\/a><br \/>\n<strong>15 h \u00e0 18 h \/ CBC Radio One 91,5 FM ou sur l&rsquo;application CBC Listen<\/strong><\/p>\n<p>Joignez-vous \u00e0 l&rsquo;animateur Alan Neal pour une \u00e9mission sp\u00e9ciale All In A Day o\u00f9 il r\u00e9unira les auditeurs \u00e0 la radio et en ligne pour raconter les histoires des clients, des b\u00e9n\u00e9voles et des fournisseurs de services de la Banque alimentaire d&rsquo;Ottawa.\u00a0 Tout au long de l&rsquo;\u00e9mission, des invit\u00e9s de certaines des \u00e9missions les plus populaires de la journ\u00e9e se r\u00e9uniront dans des espaces virtuels pour partager leurs propres efforts de collecte de fonds pour la banque alimentaire.<\/p>\n<p>Cette ann\u00e9e, une programmation musicale sp\u00e9ciale aura lieu au Irene&rsquo;s Pub, sur la rue Bank dans le Glebe, de 15 h \u00e0 18 h. Arr\u00eatez-vous &#8211; aucun billet ou r\u00e9servation n\u00e9cessaire &#8211; pour entendre le country folk-pop de Nayana, le jazz cubain du Miguel de Armas Quartet et les chansons puissantes de Twin Flames. Un repr\u00e9sentant de la Banque d&rsquo;alimentation d&rsquo;Ottawa sera sur place pour recueillir les dons au lieu du prix d&rsquo;entr\u00e9e. Passez nous voir pour \u00e9couter de la bonne musique locale !<\/p>\n<\/div>\n\t\t\t\t<\/div>\n\t\t\t\t\t\t\t<div class=\"elementor-toggle-item\">\n\t\t\t\t\t<div id=\"elementor-tab-title-5344\" class=\"elementor-tab-title\" data-tab=\"4\" role=\"button\" aria-controls=\"elementor-tab-content-5344\" aria-expanded=\"false\">\n\t\t\t\t\t\t\t\t\t\t\t\t<span class=\"elementor-toggle-icon elementor-toggle-icon-left\" aria-hidden=\"true\">\n\t\t\t\t\t\t\t\t\t\t\t\t\t\t\t<span class=\"elementor-toggle-icon-closed\"><i class=\"fas fa-caret-right\"><\/i><\/span>\n\t\t\t\t\t\t\t\t<span class=\"elementor-toggle-icon-opened\"><i class=\"elementor-toggle-icon-opened fas fa-caret-up\"><\/i><\/span>\n\t\t\t\t\t\t\t\t\t\t\t\t\t<\/span>\n\t\t\t\t\t\t\t\t\t\t\t\t<a class=\"elementor-toggle-title\" tabindex=\"0\">CBC Ottawa News at 6<\/a>\n\t\t\t\t\t<\/div>\n\n\t\t\t\t\t<div id=\"elementor-tab-content-5344\" class=\"elementor-tab-content elementor-clearfix\" data-tab=\"4\" role=\"region\" aria-labelledby=\"elementor-tab-title-5344\"><p><a href=\"https:\/\/www.cbc.ca\/player\/news\/canada\/ottawa\"><em><strong>CBC Ottawa News at 6<\/strong><\/em><\/a><br \/>\n<strong>18h-19h \/ CBC TV ou sur CBC Gem<\/strong><\/p>\n<p>Rejoignez l&rsquo;animateur Adrian Harewood pour les principales histoires de la journ\u00e9e et d&rsquo;autres histoires provenant directement de la communaut\u00e9.<\/p>\n<\/div>\n\t\t\t\t<\/div>\n\t\t\t\t\t\t\t<div class=\"elementor-toggle-item\">\n\t\t\t\t\t<div id=\"elementor-tab-title-5345\" class=\"elementor-tab-title\" data-tab=\"5\" role=\"button\" aria-controls=\"elementor-tab-content-5345\" aria-expanded=\"false\">\n\t\t\t\t\t\t\t\t\t\t\t\t<span class=\"elementor-toggle-icon elementor-toggle-icon-left\" aria-hidden=\"true\">\n\t\t\t\t\t\t\t\t\t\t\t\t\t\t\t<span class=\"elementor-toggle-icon-closed\"><i class=\"fas fa-caret-right\"><\/i><\/span>\n\t\t\t\t\t\t\t\t<span class=\"elementor-toggle-icon-opened\"><i class=\"elementor-toggle-icon-opened fas fa-caret-up\"><\/i><\/span>\n\t\t\t\t\t\t\t\t\t\t\t\t\t<\/span>\n\t\t\t\t\t\t\t\t\t\t\t\t<a class=\"elementor-toggle-title\" tabindex=\"0\">CBC Ottawa News at 11<\/a>\n\t\t\t\t\t<\/div>\n\n\t\t\t\t\t<div id=\"elementor-tab-content-5345\" class=\"elementor-tab-content elementor-clearfix\" data-tab=\"5\" role=\"region\" aria-labelledby=\"elementor-tab-title-5345\"><p><a href=\"https:\/\/www.cbc.ca\/player\/news\/canada\/ottawa\"><em><strong>CBC Ottawa News at 11<\/strong><\/em><\/a><br \/>\n<strong>CBC TV ou sur CBC Gem<\/strong><\/p>\n<p>L&rsquo;animatrice Krystalle Ramlakhan r\u00e9sumera les faits saillants de la journ\u00e9e dans le cadre d&rsquo;une \u00e9mission sp\u00e9ciale de Project Give.<\/p>\n<\/div>\n\t\t\t\t<\/div>\n\t\t\t\t\t\t\t<div class=\"elementor-toggle-item\">\n\t\t\t\t\t<div id=\"elementor-tab-title-5346\" class=\"elementor-tab-title\" data-tab=\"6\" role=\"button\" aria-controls=\"elementor-tab-content-5346\" aria-expanded=\"false\">\n\t\t\t\t\t\t\t\t\t\t\t\t<span class=\"elementor-toggle-icon elementor-toggle-icon-left\" aria-hidden=\"true\">\n\t\t\t\t\t\t\t\t\t\t\t\t\t\t\t<span class=\"elementor-toggle-icon-closed\"><i class=\"fas fa-caret-right\"><\/i><\/span>\n\t\t\t\t\t\t\t\t<span class=\"elementor-toggle-icon-opened\"><i class=\"elementor-toggle-icon-opened fas fa-caret-up\"><\/i><\/span>\n\t\t\t\t\t\t\t\t\t\t\t\t\t<\/span>\n\t\t\t\t\t\t\t\t\t\t\t\t<a class=\"elementor-toggle-title\" tabindex=\"0\">In Town and Out<\/a>\n\t\t\t\t\t<\/div>\n\n\t\t\t\t\t<div id=\"elementor-tab-content-5346\" class=\"elementor-tab-content elementor-clearfix\" data-tab=\"6\" role=\"region\" aria-labelledby=\"elementor-tab-title-5346\"><p><a href=\"https:\/\/www.cbc.ca\/listen\/live-radio\/1-98-in-town-and-out\"><em><strong>In Town and Out<\/strong><\/em><\/a><br \/>\n<strong>Samedi 11 d\u00e9cembre de 18 h \u00e0 9 h \/ CBC Radio One 91,5 FM ou sur l&rsquo;application CBC Listen<\/strong><\/p>\n<p>Ce n&rsquo;est peut-\u00eatre pas le 10 d\u00e9cembre, mais l&rsquo;animateur Giacomo Panico poursuivra la conversation dans l&rsquo;\u00e9mission In Town and Out.<\/p>\n<\/div>\n\t\t\t\t<\/div>\n\t\t\t\t\t\t\t<div class=\"elementor-toggle-item\">\n\t\t\t\t\t<div id=\"elementor-tab-title-5347\" class=\"elementor-tab-title\" data-tab=\"7\" role=\"button\" aria-controls=\"elementor-tab-content-5347\" aria-expanded=\"false\">\n\t\t\t\t\t\t\t\t\t\t\t\t<span class=\"elementor-toggle-icon elementor-toggle-icon-left\" aria-hidden=\"true\">\n\t\t\t\t\t\t\t\t\t\t\t\t\t\t\t<span class=\"elementor-toggle-icon-closed\"><i class=\"fas fa-caret-right\"><\/i><\/span>\n\t\t\t\t\t\t\t\t<span class=\"elementor-toggle-icon-opened\"><i class=\"elementor-toggle-icon-opened fas fa-caret-up\"><\/i><\/span>\n\t\t\t\t\t\t\t\t\t\t\t\t\t<\/span>\n\t\t\t\t\t\t\t\t\t\t\t\t<a class=\"elementor-toggle-title\" tabindex=\"0\">Our Ottawa<\/a>\n\t\t\t\t\t<\/div>\n\n\t\t\t\t\t<div id=\"elementor-tab-content-5347\" class=\"elementor-tab-content elementor-clearfix\" data-tab=\"7\" role=\"region\" aria-labelledby=\"elementor-tab-title-5347\"><p><a href=\"https:\/\/www.cbc.ca\/player\/news\/canada\/ottawa\/our%20ottawa\"><em><strong>Our Ottawa<\/strong><\/em><\/a><br \/>\n<strong>Samedi 11 d\u00e9cembre, dimanche 12 d\u00e9cembre et lundi 13 d\u00e9cembre \/ CBC TV ou sur CBC Gem<\/strong><\/p>\n<p>L&rsquo;animateur Adrian Harewood partagera les faits saillants du Projet Give.<\/p>\n<\/div>\n\t\t\t\t<\/div>\n\t\t\t\t\t\t\t\t<\/div>\n\t\t\t\t\t\t<\/div>\n\t\t\t\t<\/div>\n\t\t\t\t<div class=\"elementor-element elementor-element-192ad97 elementor-widget elementor-widget-text-editor\" data-id=\"192ad97\" data-element_type=\"widget\" data-e-type=\"widget\" data-widget_type=\"text-editor.default\">\n\t\t\t\t<div class=\"elementor-widget-container\">\n\t\t\t\t\t\t\t\t\t<h3 style=\"text-align: center;\"><a href=\"https:\/\/donate.ottawafoodbank.ca\/ui\/CBCProjectGive2021\/\">FAITES UN DON MAINTENANT<\/a> \u00e0 Project Give pour soutenir la Banque d&rsquo;alimentation d&rsquo;Ottawa !<\/h3>\n\t\t\t\t\t\t\t\t<\/div>\n\t\t\t\t<\/div>\n\t\t\t\t\t<\/div>\n\t\t<\/div>\n\t\t\t\t\t<\/div>\n\t\t<\/section>\n\t\t\t\t<\/div>\n\t\t","protected":false},"excerpt":{"rendered":"<p>Aujourd&rsquo;hui, CBC Ottawa accueille Project Give : une campagne de charit\u00e9 annuelle au profit de la Banque d&rsquo;alimentation d&rsquo;Ottawa ! Tout au long de la journ\u00e9e, la programmation de Project [&hellip;]<\/p>\n","protected":false},"author":7,"featured_media":33465,"comment_status":"open","ping_status":"closed","sticky":false,"template":"","format":"standard","meta":{"_acf_changed":false,"inline_featured_image":false,"footnotes":""},"categories":[120,40],"tags":[],"class_list":["post-33469","post","type-post","status-publish","format-standard","has-post-thumbnail","hentry","category-affaires-communautaires","category-blog-fr"],"acf":[],"yoast_head":"<!-- This site is optimized with the Yoast SEO plugin v27.5 - https:\/\/yoast.com\/product\/yoast-seo-wordpress\/ -->\n<title>Aujourd&#039;hui, c&#039;est le Project Give de CBC Ottawa ! - Ottawa Food Bank<\/title>\n<meta name=\"robots\" content=\"index, follow, max-snippet:-1, max-image-preview:large, max-video-preview:-1\" \/>\n<link rel=\"canonical\" href=\"https:\/\/www.ottawafoodbank.ca\/fr\/aujourdhui-cest-le-project-give-de-cbc-ottawa\/\" \/>\n<meta property=\"og:locale\" content=\"fr_FR\" \/>\n<meta property=\"og:type\" content=\"article\" \/>\n<meta property=\"og:title\" content=\"Aujourd&#039;hui, c&#039;est le Project Give de CBC Ottawa ! - Ottawa Food Bank\" \/>\n<meta property=\"og:description\" content=\"Aujourd&rsquo;hui, CBC Ottawa accueille Project Give : une campagne de charit\u00e9 annuelle au profit de la Banque d&rsquo;alimentation d&rsquo;Ottawa ! Tout au long de la journ\u00e9e, la programmation de Project [&hellip;]\" \/>\n<meta property=\"og:url\" content=\"https:\/\/www.ottawafoodbank.ca\/fr\/aujourdhui-cest-le-project-give-de-cbc-ottawa\/\" \/>\n<meta property=\"og:site_name\" content=\"Ottawa Food Bank\" \/>\n<meta property=\"article:publisher\" content=\"http:\/\/www.facebook.com\/OttawaFoodBank\" \/>\n<meta property=\"article:published_time\" content=\"2021-12-10T14:17:13+00:00\" \/>\n<meta property=\"og:image\" content=\"https:\/\/www.ottawafoodbank.ca\/wp-content\/uploads\/2021\/12\/PG-2021-Make-the-Season-Kind-2.png\" \/>\n\t<meta property=\"og:image:width\" content=\"1920\" \/>\n\t<meta property=\"og:image:height\" content=\"1080\" \/>\n\t<meta property=\"og:image:type\" content=\"image\/png\" \/>\n<meta name=\"author\" content=\"Alex Noreau\" \/>\n<meta name=\"twitter:card\" content=\"summary_large_image\" \/>\n<meta name=\"twitter:creator\" content=\"@OttawaFoodBank\" \/>\n<meta name=\"twitter:site\" content=\"@OttawaFoodBank\" \/>\n<meta name=\"twitter:label1\" content=\"\u00c9crit par\" \/>\n\t<meta name=\"twitter:data1\" content=\"Alex Noreau\" \/>\n\t<meta name=\"twitter:label2\" content=\"Dur\u00e9e de lecture estim\u00e9e\" \/>\n\t<meta name=\"twitter:data2\" content=\"4 minutes\" \/>\n<script type=\"application\/ld+json\" class=\"yoast-schema-graph\">{\"@context\":\"https:\\\/\\\/schema.org\",\"@graph\":[{\"@type\":\"Article\",\"@id\":\"https:\\\/\\\/www.ottawafoodbank.ca\\\/fr\\\/aujourdhui-cest-le-project-give-de-cbc-ottawa\\\/#article\",\"isPartOf\":{\"@id\":\"https:\\\/\\\/www.ottawafoodbank.ca\\\/fr\\\/aujourdhui-cest-le-project-give-de-cbc-ottawa\\\/\"},\"author\":{\"name\":\"Alex Noreau\",\"@id\":\"https:\\\/\\\/www.ottawafoodbank.ca\\\/fr\\\/#\\\/schema\\\/person\\\/27670ba69cee675a71b4a6b0ae853d62\"},\"headline\":\"Aujourd&rsquo;hui, c&rsquo;est le Project Give de CBC Ottawa !\",\"datePublished\":\"2021-12-10T14:17:13+00:00\",\"mainEntityOfPage\":{\"@id\":\"https:\\\/\\\/www.ottawafoodbank.ca\\\/fr\\\/aujourdhui-cest-le-project-give-de-cbc-ottawa\\\/\"},\"wordCount\":823,\"commentCount\":0,\"publisher\":{\"@id\":\"https:\\\/\\\/www.ottawafoodbank.ca\\\/fr\\\/#organization\"},\"image\":{\"@id\":\"https:\\\/\\\/www.ottawafoodbank.ca\\\/fr\\\/aujourdhui-cest-le-project-give-de-cbc-ottawa\\\/#primaryimage\"},\"thumbnailUrl\":\"https:\\\/\\\/www.ottawafoodbank.ca\\\/wp-content\\\/uploads\\\/2021\\\/12\\\/PG-2021-Make-the-Season-Kind-2.png\",\"articleSection\":[\"Affaires communautaires\",\"Blog\"],\"inLanguage\":\"fr-FR\",\"potentialAction\":[{\"@type\":\"CommentAction\",\"name\":\"Comment\",\"target\":[\"https:\\\/\\\/www.ottawafoodbank.ca\\\/fr\\\/aujourdhui-cest-le-project-give-de-cbc-ottawa\\\/#respond\"]}]},{\"@type\":\"WebPage\",\"@id\":\"https:\\\/\\\/www.ottawafoodbank.ca\\\/fr\\\/aujourdhui-cest-le-project-give-de-cbc-ottawa\\\/\",\"url\":\"https:\\\/\\\/www.ottawafoodbank.ca\\\/fr\\\/aujourdhui-cest-le-project-give-de-cbc-ottawa\\\/\",\"name\":\"Aujourd'hui, c'est le Project Give de CBC Ottawa ! - Ottawa Food Bank\",\"isPartOf\":{\"@id\":\"https:\\\/\\\/www.ottawafoodbank.ca\\\/fr\\\/#website\"},\"primaryImageOfPage\":{\"@id\":\"https:\\\/\\\/www.ottawafoodbank.ca\\\/fr\\\/aujourdhui-cest-le-project-give-de-cbc-ottawa\\\/#primaryimage\"},\"image\":{\"@id\":\"https:\\\/\\\/www.ottawafoodbank.ca\\\/fr\\\/aujourdhui-cest-le-project-give-de-cbc-ottawa\\\/#primaryimage\"},\"thumbnailUrl\":\"https:\\\/\\\/www.ottawafoodbank.ca\\\/wp-content\\\/uploads\\\/2021\\\/12\\\/PG-2021-Make-the-Season-Kind-2.png\",\"datePublished\":\"2021-12-10T14:17:13+00:00\",\"breadcrumb\":{\"@id\":\"https:\\\/\\\/www.ottawafoodbank.ca\\\/fr\\\/aujourdhui-cest-le-project-give-de-cbc-ottawa\\\/#breadcrumb\"},\"inLanguage\":\"fr-FR\",\"potentialAction\":[{\"@type\":\"ReadAction\",\"target\":[\"https:\\\/\\\/www.ottawafoodbank.ca\\\/fr\\\/aujourdhui-cest-le-project-give-de-cbc-ottawa\\\/\"]}]},{\"@type\":\"ImageObject\",\"inLanguage\":\"fr-FR\",\"@id\":\"https:\\\/\\\/www.ottawafoodbank.ca\\\/fr\\\/aujourdhui-cest-le-project-give-de-cbc-ottawa\\\/#primaryimage\",\"url\":\"https:\\\/\\\/www.ottawafoodbank.ca\\\/wp-content\\\/uploads\\\/2021\\\/12\\\/PG-2021-Make-the-Season-Kind-2.png\",\"contentUrl\":\"https:\\\/\\\/www.ottawafoodbank.ca\\\/wp-content\\\/uploads\\\/2021\\\/12\\\/PG-2021-Make-the-Season-Kind-2.png\",\"width\":1920,\"height\":1080},{\"@type\":\"BreadcrumbList\",\"@id\":\"https:\\\/\\\/www.ottawafoodbank.ca\\\/fr\\\/aujourdhui-cest-le-project-give-de-cbc-ottawa\\\/#breadcrumb\",\"itemListElement\":[{\"@type\":\"ListItem\",\"position\":1,\"name\":\"Accueil\",\"item\":\"https:\\\/\\\/www.ottawafoodbank.ca\\\/fr\\\/accueil\\\/\"},{\"@type\":\"ListItem\",\"position\":2,\"name\":\"Affaires communautaires\",\"item\":\"https:\\\/\\\/www.ottawafoodbank.ca\\\/fr\\\/category\\\/affaires-communautaires\\\/\"},{\"@type\":\"ListItem\",\"position\":3,\"name\":\"Aujourd&#8217;hui, c&#8217;est le Project Give de CBC Ottawa !\"}]},{\"@type\":\"WebSite\",\"@id\":\"https:\\\/\\\/www.ottawafoodbank.ca\\\/fr\\\/#website\",\"url\":\"https:\\\/\\\/www.ottawafoodbank.ca\\\/fr\\\/\",\"name\":\"Ottawa Food Bank\",\"description\":\"People succeed when they aren&#039;t hungry. We make that happen.\",\"publisher\":{\"@id\":\"https:\\\/\\\/www.ottawafoodbank.ca\\\/fr\\\/#organization\"},\"potentialAction\":[{\"@type\":\"SearchAction\",\"target\":{\"@type\":\"EntryPoint\",\"urlTemplate\":\"https:\\\/\\\/www.ottawafoodbank.ca\\\/fr\\\/?s={search_term_string}\"},\"query-input\":{\"@type\":\"PropertyValueSpecification\",\"valueRequired\":true,\"valueName\":\"search_term_string\"}}],\"inLanguage\":\"fr-FR\"},{\"@type\":\"Organization\",\"@id\":\"https:\\\/\\\/www.ottawafoodbank.ca\\\/fr\\\/#organization\",\"name\":\"Ottawa Food Bank\",\"url\":\"https:\\\/\\\/www.ottawafoodbank.ca\\\/fr\\\/\",\"logo\":{\"@type\":\"ImageObject\",\"inLanguage\":\"fr-FR\",\"@id\":\"https:\\\/\\\/www.ottawafoodbank.ca\\\/fr\\\/#\\\/schema\\\/logo\\\/image\\\/\",\"url\":\"https:\\\/\\\/www.ottawafoodbank.ca\\\/wp-content\\\/uploads\\\/2019\\\/07\\\/OFB-logo2011-R-BILING.jpg\",\"contentUrl\":\"https:\\\/\\\/www.ottawafoodbank.ca\\\/wp-content\\\/uploads\\\/2019\\\/07\\\/OFB-logo2011-R-BILING.jpg\",\"width\":466,\"height\":259,\"caption\":\"Ottawa Food Bank\"},\"image\":{\"@id\":\"https:\\\/\\\/www.ottawafoodbank.ca\\\/fr\\\/#\\\/schema\\\/logo\\\/image\\\/\"},\"sameAs\":[\"http:\\\/\\\/www.facebook.com\\\/OttawaFoodBank\",\"https:\\\/\\\/x.com\\\/OttawaFoodBank\",\"https:\\\/\\\/instagram.com\\\/ottawafoodbank\",\"http:\\\/\\\/www.youtube.com\\\/ottawafoodbank\"]},{\"@type\":\"Person\",\"@id\":\"https:\\\/\\\/www.ottawafoodbank.ca\\\/fr\\\/#\\\/schema\\\/person\\\/27670ba69cee675a71b4a6b0ae853d62\",\"name\":\"Alex Noreau\",\"image\":{\"@type\":\"ImageObject\",\"inLanguage\":\"fr-FR\",\"@id\":\"https:\\\/\\\/secure.gravatar.com\\\/avatar\\\/2ff82eb71cb3da39d2e341b0809b3848562e5a5a346c2357f4069891956fc7d4?s=96&d=mm&r=g\",\"url\":\"https:\\\/\\\/secure.gravatar.com\\\/avatar\\\/2ff82eb71cb3da39d2e341b0809b3848562e5a5a346c2357f4069891956fc7d4?s=96&d=mm&r=g\",\"contentUrl\":\"https:\\\/\\\/secure.gravatar.com\\\/avatar\\\/2ff82eb71cb3da39d2e341b0809b3848562e5a5a346c2357f4069891956fc7d4?s=96&d=mm&r=g\",\"caption\":\"Alex Noreau\"}}]}<\/script>\n<!-- \/ Yoast SEO plugin. -->","yoast_head_json":{"title":"Aujourd'hui, c'est le Project Give de CBC Ottawa ! - Ottawa Food Bank","robots":{"index":"index","follow":"follow","max-snippet":"max-snippet:-1","max-image-preview":"max-image-preview:large","max-video-preview":"max-video-preview:-1"},"canonical":"https:\/\/www.ottawafoodbank.ca\/fr\/aujourdhui-cest-le-project-give-de-cbc-ottawa\/","og_locale":"fr_FR","og_type":"article","og_title":"Aujourd'hui, c'est le Project Give de CBC Ottawa ! - Ottawa Food Bank","og_description":"Aujourd&rsquo;hui, CBC Ottawa accueille Project Give : une campagne de charit\u00e9 annuelle au profit de la Banque d&rsquo;alimentation d&rsquo;Ottawa ! Tout au long de la journ\u00e9e, la programmation de Project [&hellip;]","og_url":"https:\/\/www.ottawafoodbank.ca\/fr\/aujourdhui-cest-le-project-give-de-cbc-ottawa\/","og_site_name":"Ottawa Food Bank","article_publisher":"http:\/\/www.facebook.com\/OttawaFoodBank","article_published_time":"2021-12-10T14:17:13+00:00","og_image":[{"width":1920,"height":1080,"url":"https:\/\/www.ottawafoodbank.ca\/wp-content\/uploads\/2021\/12\/PG-2021-Make-the-Season-Kind-2.png","type":"image\/png"}],"author":"Alex Noreau","twitter_card":"summary_large_image","twitter_creator":"@OttawaFoodBank","twitter_site":"@OttawaFoodBank","twitter_misc":{"\u00c9crit par":"Alex Noreau","Dur\u00e9e de lecture estim\u00e9e":"4 minutes"},"schema":{"@context":"https:\/\/schema.org","@graph":[{"@type":"Article","@id":"https:\/\/www.ottawafoodbank.ca\/fr\/aujourdhui-cest-le-project-give-de-cbc-ottawa\/#article","isPartOf":{"@id":"https:\/\/www.ottawafoodbank.ca\/fr\/aujourdhui-cest-le-project-give-de-cbc-ottawa\/"},"author":{"name":"Alex Noreau","@id":"https:\/\/www.ottawafoodbank.ca\/fr\/#\/schema\/person\/27670ba69cee675a71b4a6b0ae853d62"},"headline":"Aujourd&rsquo;hui, c&rsquo;est le Project Give de CBC Ottawa !","datePublished":"2021-12-10T14:17:13+00:00","mainEntityOfPage":{"@id":"https:\/\/www.ottawafoodbank.ca\/fr\/aujourdhui-cest-le-project-give-de-cbc-ottawa\/"},"wordCount":823,"commentCount":0,"publisher":{"@id":"https:\/\/www.ottawafoodbank.ca\/fr\/#organization"},"image":{"@id":"https:\/\/www.ottawafoodbank.ca\/fr\/aujourdhui-cest-le-project-give-de-cbc-ottawa\/#primaryimage"},"thumbnailUrl":"https:\/\/www.ottawafoodbank.ca\/wp-content\/uploads\/2021\/12\/PG-2021-Make-the-Season-Kind-2.png","articleSection":["Affaires communautaires","Blog"],"inLanguage":"fr-FR","potentialAction":[{"@type":"CommentAction","name":"Comment","target":["https:\/\/www.ottawafoodbank.ca\/fr\/aujourdhui-cest-le-project-give-de-cbc-ottawa\/#respond"]}]},{"@type":"WebPage","@id":"https:\/\/www.ottawafoodbank.ca\/fr\/aujourdhui-cest-le-project-give-de-cbc-ottawa\/","url":"https:\/\/www.ottawafoodbank.ca\/fr\/aujourdhui-cest-le-project-give-de-cbc-ottawa\/","name":"Aujourd'hui, c'est le Project Give de CBC Ottawa ! - Ottawa Food Bank","isPartOf":{"@id":"https:\/\/www.ottawafoodbank.ca\/fr\/#website"},"primaryImageOfPage":{"@id":"https:\/\/www.ottawafoodbank.ca\/fr\/aujourdhui-cest-le-project-give-de-cbc-ottawa\/#primaryimage"},"image":{"@id":"https:\/\/www.ottawafoodbank.ca\/fr\/aujourdhui-cest-le-project-give-de-cbc-ottawa\/#primaryimage"},"thumbnailUrl":"https:\/\/www.ottawafoodbank.ca\/wp-content\/uploads\/2021\/12\/PG-2021-Make-the-Season-Kind-2.png","datePublished":"2021-12-10T14:17:13+00:00","breadcrumb":{"@id":"https:\/\/www.ottawafoodbank.ca\/fr\/aujourdhui-cest-le-project-give-de-cbc-ottawa\/#breadcrumb"},"inLanguage":"fr-FR","potentialAction":[{"@type":"ReadAction","target":["https:\/\/www.ottawafoodbank.ca\/fr\/aujourdhui-cest-le-project-give-de-cbc-ottawa\/"]}]},{"@type":"ImageObject","inLanguage":"fr-FR","@id":"https:\/\/www.ottawafoodbank.ca\/fr\/aujourdhui-cest-le-project-give-de-cbc-ottawa\/#primaryimage","url":"https:\/\/www.ottawafoodbank.ca\/wp-content\/uploads\/2021\/12\/PG-2021-Make-the-Season-Kind-2.png","contentUrl":"https:\/\/www.ottawafoodbank.ca\/wp-content\/uploads\/2021\/12\/PG-2021-Make-the-Season-Kind-2.png","width":1920,"height":1080},{"@type":"BreadcrumbList","@id":"https:\/\/www.ottawafoodbank.ca\/fr\/aujourdhui-cest-le-project-give-de-cbc-ottawa\/#breadcrumb","itemListElement":[{"@type":"ListItem","position":1,"name":"Accueil","item":"https:\/\/www.ottawafoodbank.ca\/fr\/accueil\/"},{"@type":"ListItem","position":2,"name":"Affaires communautaires","item":"https:\/\/www.ottawafoodbank.ca\/fr\/category\/affaires-communautaires\/"},{"@type":"ListItem","position":3,"name":"Aujourd&#8217;hui, c&#8217;est le Project Give de CBC Ottawa !"}]},{"@type":"WebSite","@id":"https:\/\/www.ottawafoodbank.ca\/fr\/#website","url":"https:\/\/www.ottawafoodbank.ca\/fr\/","name":"Ottawa Food Bank","description":"People succeed when they aren&#039;t hungry. We make that happen.","publisher":{"@id":"https:\/\/www.ottawafoodbank.ca\/fr\/#organization"},"potentialAction":[{"@type":"SearchAction","target":{"@type":"EntryPoint","urlTemplate":"https:\/\/www.ottawafoodbank.ca\/fr\/?s={search_term_string}"},"query-input":{"@type":"PropertyValueSpecification","valueRequired":true,"valueName":"search_term_string"}}],"inLanguage":"fr-FR"},{"@type":"Organization","@id":"https:\/\/www.ottawafoodbank.ca\/fr\/#organization","name":"Ottawa Food Bank","url":"https:\/\/www.ottawafoodbank.ca\/fr\/","logo":{"@type":"ImageObject","inLanguage":"fr-FR","@id":"https:\/\/www.ottawafoodbank.ca\/fr\/#\/schema\/logo\/image\/","url":"https:\/\/www.ottawafoodbank.ca\/wp-content\/uploads\/2019\/07\/OFB-logo2011-R-BILING.jpg","contentUrl":"https:\/\/www.ottawafoodbank.ca\/wp-content\/uploads\/2019\/07\/OFB-logo2011-R-BILING.jpg","width":466,"height":259,"caption":"Ottawa Food Bank"},"image":{"@id":"https:\/\/www.ottawafoodbank.ca\/fr\/#\/schema\/logo\/image\/"},"sameAs":["http:\/\/www.facebook.com\/OttawaFoodBank","https:\/\/x.com\/OttawaFoodBank","https:\/\/instagram.com\/ottawafoodbank","http:\/\/www.youtube.com\/ottawafoodbank"]},{"@type":"Person","@id":"https:\/\/www.ottawafoodbank.ca\/fr\/#\/schema\/person\/27670ba69cee675a71b4a6b0ae853d62","name":"Alex Noreau","image":{"@type":"ImageObject","inLanguage":"fr-FR","@id":"https:\/\/secure.gravatar.com\/avatar\/2ff82eb71cb3da39d2e341b0809b3848562e5a5a346c2357f4069891956fc7d4?s=96&d=mm&r=g","url":"https:\/\/secure.gravatar.com\/avatar\/2ff82eb71cb3da39d2e341b0809b3848562e5a5a346c2357f4069891956fc7d4?s=96&d=mm&r=g","contentUrl":"https:\/\/secure.gravatar.com\/avatar\/2ff82eb71cb3da39d2e341b0809b3848562e5a5a346c2357f4069891956fc7d4?s=96&d=mm&r=g","caption":"Alex Noreau"}}]}},"_links":{"self":[{"href":"https:\/\/www.ottawafoodbank.ca\/fr\/wp-json\/wp\/v2\/posts\/33469","targetHints":{"allow":["GET"]}}],"collection":[{"href":"https:\/\/www.ottawafoodbank.ca\/fr\/wp-json\/wp\/v2\/posts"}],"about":[{"href":"https:\/\/www.ottawafoodbank.ca\/fr\/wp-json\/wp\/v2\/types\/post"}],"author":[{"embeddable":true,"href":"https:\/\/www.ottawafoodbank.ca\/fr\/wp-json\/wp\/v2\/users\/7"}],"replies":[{"embeddable":true,"href":"https:\/\/www.ottawafoodbank.ca\/fr\/wp-json\/wp\/v2\/comments?post=33469"}],"version-history":[{"count":2,"href":"https:\/\/www.ottawafoodbank.ca\/fr\/wp-json\/wp\/v2\/posts\/33469\/revisions"}],"predecessor-version":[{"id":33472,"href":"https:\/\/www.ottawafoodbank.ca\/fr\/wp-json\/wp\/v2\/posts\/33469\/revisions\/33472"}],"wp:featuredmedia":[{"embeddable":true,"href":"https:\/\/www.ottawafoodbank.ca\/fr\/wp-json\/wp\/v2\/media\/33465"}],"wp:attachment":[{"href":"https:\/\/www.ottawafoodbank.ca\/fr\/wp-json\/wp\/v2\/media?parent=33469"}],"wp:term":[{"taxonomy":"category","embeddable":true,"href":"https:\/\/www.ottawafoodbank.ca\/fr\/wp-json\/wp\/v2\/categories?post=33469"},{"taxonomy":"post_tag","embeddable":true,"href":"https:\/\/www.ottawafoodbank.ca\/fr\/wp-json\/wp\/v2\/tags?post=33469"}],"curies":[{"name":"wp","href":"https:\/\/api.w.org\/{rel}","templated":true}]}}