{"id":33653,"date":"2022-01-24T12:59:23","date_gmt":"2022-01-24T17:59:23","guid":{"rendered":"https:\/\/www.ottawafoodbank.ca\/?p=33653"},"modified":"2022-01-24T12:59:23","modified_gmt":"2022-01-24T17:59:23","slug":"nous-embauchons-directeurrice-des-communications-et-du-developpement","status":"publish","type":"post","link":"https:\/\/www.ottawafoodbank.ca\/fr\/nous-embauchons-directeurrice-des-communications-et-du-developpement\/","title":{"rendered":"Nous Embauchons : Directeur(rice) des communications et du d\u00e9veloppement"},"content":{"rendered":"\t\t<div data-elementor-type=\"wp-post\" data-elementor-id=\"33653\" class=\"elementor elementor-33653 elementor-33638\" data-elementor-post-type=\"post\">\n\t\t\t\t\t\t<section class=\"elementor-section elementor-top-section elementor-element elementor-element-da3e7d8 elementor-section-boxed elementor-section-height-default elementor-section-height-default\" data-id=\"da3e7d8\" data-element_type=\"section\" data-e-type=\"section\" data-settings=\"{&quot;jet_parallax_layout_list&quot;:[{&quot;jet_parallax_layout_image&quot;:{&quot;url&quot;:&quot;&quot;,&quot;id&quot;:&quot;&quot;,&quot;size&quot;:&quot;&quot;},&quot;_id&quot;:&quot;3e37c26&quot;,&quot;jet_parallax_layout_image_tablet&quot;:{&quot;url&quot;:&quot;&quot;,&quot;id&quot;:&quot;&quot;,&quot;size&quot;:&quot;&quot;},&quot;jet_parallax_layout_image_mobile&quot;:{&quot;url&quot;:&quot;&quot;,&quot;id&quot;:&quot;&quot;,&quot;size&quot;:&quot;&quot;},&quot;jet_parallax_layout_speed&quot;:{&quot;unit&quot;:&quot;%&quot;,&quot;size&quot;:50,&quot;sizes&quot;:[]},&quot;jet_parallax_layout_type&quot;:&quot;scroll&quot;,&quot;jet_parallax_layout_direction&quot;:&quot;1&quot;,&quot;jet_parallax_layout_fx_direction&quot;:null,&quot;jet_parallax_layout_z_index&quot;:&quot;&quot;,&quot;jet_parallax_layout_bg_x&quot;:50,&quot;jet_parallax_layout_bg_x_tablet&quot;:&quot;&quot;,&quot;jet_parallax_layout_bg_x_mobile&quot;:&quot;&quot;,&quot;jet_parallax_layout_bg_y&quot;:50,&quot;jet_parallax_layout_bg_y_tablet&quot;:&quot;&quot;,&quot;jet_parallax_layout_bg_y_mobile&quot;:&quot;&quot;,&quot;jet_parallax_layout_bg_size&quot;:&quot;auto&quot;,&quot;jet_parallax_layout_bg_size_tablet&quot;:&quot;&quot;,&quot;jet_parallax_layout_bg_size_mobile&quot;:&quot;&quot;,&quot;jet_parallax_layout_animation_prop&quot;:&quot;transform&quot;,&quot;jet_parallax_layout_on&quot;:[&quot;desktop&quot;,&quot;tablet&quot;]}]}\">\n\t\t\t\t\t\t<div class=\"elementor-container elementor-column-gap-default\">\n\t\t\t\t\t<div class=\"elementor-column elementor-col-100 elementor-top-column elementor-element elementor-element-f33be7f\" data-id=\"f33be7f\" data-element_type=\"column\" data-e-type=\"column\">\n\t\t\t<div class=\"elementor-widget-wrap elementor-element-populated\">\n\t\t\t\t\t\t<div class=\"elementor-element elementor-element-3e07083 elementor-widget elementor-widget-text-editor\" data-id=\"3e07083\" data-element_type=\"widget\" data-e-type=\"widget\" data-widget_type=\"text-editor.default\">\n\t\t\t\t<div class=\"elementor-widget-container\">\n\t\t\t\t\t\t\t\t\t<p>La Banque d&rsquo;alimentation d&rsquo;Ottawa est \u00e0 la recherche d&rsquo;une personne pour occuper le poste \u00e0 temps plein de directeur ou directrice des communications et du d\u00e9veloppement.<\/p>\n<p>Comme directeur ou directrice des communications et du d\u00e9veloppement, vous dirigerez la strat\u00e9gie de communication et de collecte de fonds de la Banque d&rsquo;alimentation d&rsquo;Ottawa. La Banque d&rsquo;alimentation d&rsquo;Ottawa est un organisme cr\u00e9\u00e9 par la communaut\u00e9 et pour la communaut\u00e9. Vous aurez la responsabilit\u00e9 immense de recueillir plus de 95 % des revenus qui permettent \u00e0 la Banque d&rsquo;alimentation d&rsquo;Ottawa d&rsquo;accomplir son important travail.<\/p>\n<p>En rapport direct avec le PDG et en collaboration avec l&rsquo;\u00e9quipe de direction, vous aurez l&rsquo;occasion de diriger et d&rsquo;orienter tous les efforts de collecte de fonds (plus de 12 millions de dollars en dons et 9 millions de dollars en dons en nature) et la strat\u00e9gie de communication de l&rsquo;un des organismes de bienfaisance les plus respect\u00e9s et les mieux \u00e9tablis d&rsquo;Ottawa. Vous contribuerez \u00e0 fa\u00e7onner l&rsquo;orientation strat\u00e9gique de l&rsquo;organisme, alors que nous entrons dans notre prochaine phase de planification strat\u00e9gique pour atteindre nos nouveaux objectifs \u00e0 long terme.<\/p>\n<h5 style=\"text-align: center;\">Si cela vous ressemble, veuillez lire l\u2019offre d\u2019emploi compl\u00e8te et\u00a0<strong>postulez d\u00e8s aujourd\u2019hui\u00a0!<\/strong><\/h5>\n\t\t\t\t\t\t\t\t<\/div>\n\t\t\t\t<\/div>\n\t\t\t\t<div class=\"elementor-element elementor-element-09204be elementor-align-center elementor-widget elementor-widget-button\" data-id=\"09204be\" data-element_type=\"widget\" data-e-type=\"widget\" data-widget_type=\"button.default\">\n\t\t\t\t<div class=\"elementor-widget-container\">\n\t\t\t\t\t\t\t\t\t<div class=\"elementor-button-wrapper\">\n\t\t\t\t\t<a class=\"elementor-button elementor-button-link elementor-size-sm\" href=\"https:\/\/keynotesearch.com\/opportunities\/director-of-communications-and-development-ottawa-food-bank\/\">\n\t\t\t\t\t\t<span class=\"elementor-button-content-wrapper\">\n\t\t\t\t\t\t\t\t\t<span class=\"elementor-button-text\">OFFRE D'EMPLOI &amp; LIEN DE CANDIDATURE<\/span>\n\t\t\t\t\t<\/span>\n\t\t\t\t\t<\/a>\n\t\t\t\t<\/div>\n\t\t\t\t\t\t\t\t<\/div>\n\t\t\t\t<\/div>\n\t\t\t\t<div class=\"elementor-element elementor-element-06cb1e1 elementor-widget elementor-widget-text-editor\" data-id=\"06cb1e1\" data-element_type=\"widget\" data-e-type=\"widget\" data-widget_type=\"text-editor.default\">\n\t\t\t\t<div class=\"elementor-widget-container\">\n\t\t\t\t\t\t\t\t\t<p style=\"text-align: center;\"><em><span class=\"Y2IQFc\" lang=\"fr\">(L\u2019annonce est en anglais seulement. D\u00e9sol\u00e9 pour le d\u00e9rangement.)<\/span><\/em><\/p>\t\t\t\t\t\t\t\t<\/div>\n\t\t\t\t<\/div>\n\t\t\t\t\t<\/div>\n\t\t<\/div>\n\t\t\t\t\t<\/div>\n\t\t<\/section>\n\t\t\t\t<\/div>\n\t\t","protected":false},"excerpt":{"rendered":"<p>La Banque d&rsquo;alimentation d&rsquo;Ottawa est \u00e0 la recherche d&rsquo;une personne pour occuper le poste \u00e0 temps plein de directeur ou directrice des communications et du d\u00e9veloppement. Comme directeur ou directrice [&hellip;]<\/p>\n","protected":false},"author":7,"featured_media":32794,"comment_status":"open","ping_status":"closed","sticky":false,"template":"","format":"standard","meta":{"_acf_changed":false,"inline_featured_image":false,"footnotes":""},"categories":[124,40],"tags":[],"class_list":["post-33653","post","type-post","status-publish","format-standard","has-post-thumbnail","hentry","category-a-decouvrir","category-blog-fr"],"acf":[],"yoast_head":"<!-- This site is optimized with the Yoast SEO plugin v27.5 - https:\/\/yoast.com\/product\/yoast-seo-wordpress\/ -->\n<title>Nous Embauchons : Directeur(rice) des communications et du d\u00e9veloppement - Ottawa Food Bank<\/title>\n<meta name=\"robots\" content=\"index, follow, max-snippet:-1, max-image-preview:large, max-video-preview:-1\" \/>\n<link rel=\"canonical\" href=\"https:\/\/www.ottawafoodbank.ca\/fr\/nous-embauchons-directeurrice-des-communications-et-du-developpement\/\" \/>\n<meta property=\"og:locale\" content=\"fr_FR\" \/>\n<meta property=\"og:type\" content=\"article\" \/>\n<meta property=\"og:title\" content=\"Nous Embauchons : Directeur(rice) des communications et du d\u00e9veloppement - Ottawa Food Bank\" \/>\n<meta property=\"og:description\" content=\"La Banque d&rsquo;alimentation d&rsquo;Ottawa est \u00e0 la recherche d&rsquo;une personne pour occuper le poste \u00e0 temps plein de directeur ou directrice des communications et du d\u00e9veloppement. Comme directeur ou directrice [&hellip;]\" \/>\n<meta property=\"og:url\" content=\"https:\/\/www.ottawafoodbank.ca\/fr\/nous-embauchons-directeurrice-des-communications-et-du-developpement\/\" \/>\n<meta property=\"og:site_name\" content=\"Ottawa Food Bank\" \/>\n<meta property=\"article:publisher\" content=\"http:\/\/www.facebook.com\/OttawaFoodBank\" \/>\n<meta property=\"article:published_time\" content=\"2022-01-24T17:59:23+00:00\" \/>\n<meta property=\"og:image\" content=\"https:\/\/www.ottawafoodbank.ca\/wp-content\/uploads\/2021\/10\/Nous-Embauchons.png\" \/>\n\t<meta property=\"og:image:width\" content=\"1200\" \/>\n\t<meta property=\"og:image:height\" content=\"630\" \/>\n\t<meta property=\"og:image:type\" content=\"image\/png\" \/>\n<meta name=\"author\" content=\"Alex Noreau\" \/>\n<meta name=\"twitter:card\" content=\"summary_large_image\" \/>\n<meta name=\"twitter:creator\" content=\"@OttawaFoodBank\" \/>\n<meta name=\"twitter:site\" content=\"@OttawaFoodBank\" \/>\n<meta name=\"twitter:label1\" content=\"\u00c9crit par\" \/>\n\t<meta name=\"twitter:data1\" content=\"Alex Noreau\" \/>\n\t<meta name=\"twitter:label2\" content=\"Dur\u00e9e de lecture estim\u00e9e\" \/>\n\t<meta name=\"twitter:data2\" content=\"2 minutes\" \/>\n<script type=\"application\/ld+json\" class=\"yoast-schema-graph\">{\"@context\":\"https:\\\/\\\/schema.org\",\"@graph\":[{\"@type\":\"Article\",\"@id\":\"https:\\\/\\\/www.ottawafoodbank.ca\\\/fr\\\/nous-embauchons-directeurrice-des-communications-et-du-developpement\\\/#article\",\"isPartOf\":{\"@id\":\"https:\\\/\\\/www.ottawafoodbank.ca\\\/fr\\\/nous-embauchons-directeurrice-des-communications-et-du-developpement\\\/\"},\"author\":{\"name\":\"Alex Noreau\",\"@id\":\"https:\\\/\\\/www.ottawafoodbank.ca\\\/fr\\\/#\\\/schema\\\/person\\\/27670ba69cee675a71b4a6b0ae853d62\"},\"headline\":\"Nous Embauchons : Directeur(rice) des communications et du d\u00e9veloppement\",\"datePublished\":\"2022-01-24T17:59:23+00:00\",\"mainEntityOfPage\":{\"@id\":\"https:\\\/\\\/www.ottawafoodbank.ca\\\/fr\\\/nous-embauchons-directeurrice-des-communications-et-du-developpement\\\/\"},\"wordCount\":243,\"commentCount\":0,\"publisher\":{\"@id\":\"https:\\\/\\\/www.ottawafoodbank.ca\\\/fr\\\/#organization\"},\"image\":{\"@id\":\"https:\\\/\\\/www.ottawafoodbank.ca\\\/fr\\\/nous-embauchons-directeurrice-des-communications-et-du-developpement\\\/#primaryimage\"},\"thumbnailUrl\":\"https:\\\/\\\/www.ottawafoodbank.ca\\\/wp-content\\\/uploads\\\/2021\\\/10\\\/Nous-Embauchons.png\",\"articleSection\":[\"\u00c0 d\u00e9couvrir\",\"Blog\"],\"inLanguage\":\"fr-FR\",\"potentialAction\":[{\"@type\":\"CommentAction\",\"name\":\"Comment\",\"target\":[\"https:\\\/\\\/www.ottawafoodbank.ca\\\/fr\\\/nous-embauchons-directeurrice-des-communications-et-du-developpement\\\/#respond\"]}]},{\"@type\":\"WebPage\",\"@id\":\"https:\\\/\\\/www.ottawafoodbank.ca\\\/fr\\\/nous-embauchons-directeurrice-des-communications-et-du-developpement\\\/\",\"url\":\"https:\\\/\\\/www.ottawafoodbank.ca\\\/fr\\\/nous-embauchons-directeurrice-des-communications-et-du-developpement\\\/\",\"name\":\"Nous Embauchons : Directeur(rice) des communications et du d\u00e9veloppement - Ottawa Food Bank\",\"isPartOf\":{\"@id\":\"https:\\\/\\\/www.ottawafoodbank.ca\\\/fr\\\/#website\"},\"primaryImageOfPage\":{\"@id\":\"https:\\\/\\\/www.ottawafoodbank.ca\\\/fr\\\/nous-embauchons-directeurrice-des-communications-et-du-developpement\\\/#primaryimage\"},\"image\":{\"@id\":\"https:\\\/\\\/www.ottawafoodbank.ca\\\/fr\\\/nous-embauchons-directeurrice-des-communications-et-du-developpement\\\/#primaryimage\"},\"thumbnailUrl\":\"https:\\\/\\\/www.ottawafoodbank.ca\\\/wp-content\\\/uploads\\\/2021\\\/10\\\/Nous-Embauchons.png\",\"datePublished\":\"2022-01-24T17:59:23+00:00\",\"breadcrumb\":{\"@id\":\"https:\\\/\\\/www.ottawafoodbank.ca\\\/fr\\\/nous-embauchons-directeurrice-des-communications-et-du-developpement\\\/#breadcrumb\"},\"inLanguage\":\"fr-FR\",\"potentialAction\":[{\"@type\":\"ReadAction\",\"target\":[\"https:\\\/\\\/www.ottawafoodbank.ca\\\/fr\\\/nous-embauchons-directeurrice-des-communications-et-du-developpement\\\/\"]}]},{\"@type\":\"ImageObject\",\"inLanguage\":\"fr-FR\",\"@id\":\"https:\\\/\\\/www.ottawafoodbank.ca\\\/fr\\\/nous-embauchons-directeurrice-des-communications-et-du-developpement\\\/#primaryimage\",\"url\":\"https:\\\/\\\/www.ottawafoodbank.ca\\\/wp-content\\\/uploads\\\/2021\\\/10\\\/Nous-Embauchons.png\",\"contentUrl\":\"https:\\\/\\\/www.ottawafoodbank.ca\\\/wp-content\\\/uploads\\\/2021\\\/10\\\/Nous-Embauchons.png\",\"width\":1200,\"height\":630},{\"@type\":\"BreadcrumbList\",\"@id\":\"https:\\\/\\\/www.ottawafoodbank.ca\\\/fr\\\/nous-embauchons-directeurrice-des-communications-et-du-developpement\\\/#breadcrumb\",\"itemListElement\":[{\"@type\":\"ListItem\",\"position\":1,\"name\":\"Accueil\",\"item\":\"https:\\\/\\\/www.ottawafoodbank.ca\\\/fr\\\/accueil\\\/\"},{\"@type\":\"ListItem\",\"position\":2,\"name\":\"\u00c0 d\u00e9couvrir\",\"item\":\"https:\\\/\\\/www.ottawafoodbank.ca\\\/fr\\\/category\\\/a-decouvrir\\\/\"},{\"@type\":\"ListItem\",\"position\":3,\"name\":\"Nous Embauchons : Directeur(rice) des communications et du d\u00e9veloppement\"}]},{\"@type\":\"WebSite\",\"@id\":\"https:\\\/\\\/www.ottawafoodbank.ca\\\/fr\\\/#website\",\"url\":\"https:\\\/\\\/www.ottawafoodbank.ca\\\/fr\\\/\",\"name\":\"Ottawa Food Bank\",\"description\":\"People succeed when they aren&#039;t hungry. We make that happen.\",\"publisher\":{\"@id\":\"https:\\\/\\\/www.ottawafoodbank.ca\\\/fr\\\/#organization\"},\"potentialAction\":[{\"@type\":\"SearchAction\",\"target\":{\"@type\":\"EntryPoint\",\"urlTemplate\":\"https:\\\/\\\/www.ottawafoodbank.ca\\\/fr\\\/?s={search_term_string}\"},\"query-input\":{\"@type\":\"PropertyValueSpecification\",\"valueRequired\":true,\"valueName\":\"search_term_string\"}}],\"inLanguage\":\"fr-FR\"},{\"@type\":\"Organization\",\"@id\":\"https:\\\/\\\/www.ottawafoodbank.ca\\\/fr\\\/#organization\",\"name\":\"Ottawa Food Bank\",\"url\":\"https:\\\/\\\/www.ottawafoodbank.ca\\\/fr\\\/\",\"logo\":{\"@type\":\"ImageObject\",\"inLanguage\":\"fr-FR\",\"@id\":\"https:\\\/\\\/www.ottawafoodbank.ca\\\/fr\\\/#\\\/schema\\\/logo\\\/image\\\/\",\"url\":\"https:\\\/\\\/www.ottawafoodbank.ca\\\/wp-content\\\/uploads\\\/2019\\\/07\\\/OFB-logo2011-R-BILING.jpg\",\"contentUrl\":\"https:\\\/\\\/www.ottawafoodbank.ca\\\/wp-content\\\/uploads\\\/2019\\\/07\\\/OFB-logo2011-R-BILING.jpg\",\"width\":466,\"height\":259,\"caption\":\"Ottawa Food Bank\"},\"image\":{\"@id\":\"https:\\\/\\\/www.ottawafoodbank.ca\\\/fr\\\/#\\\/schema\\\/logo\\\/image\\\/\"},\"sameAs\":[\"http:\\\/\\\/www.facebook.com\\\/OttawaFoodBank\",\"https:\\\/\\\/x.com\\\/OttawaFoodBank\",\"https:\\\/\\\/instagram.com\\\/ottawafoodbank\",\"http:\\\/\\\/www.youtube.com\\\/ottawafoodbank\"]},{\"@type\":\"Person\",\"@id\":\"https:\\\/\\\/www.ottawafoodbank.ca\\\/fr\\\/#\\\/schema\\\/person\\\/27670ba69cee675a71b4a6b0ae853d62\",\"name\":\"Alex Noreau\",\"image\":{\"@type\":\"ImageObject\",\"inLanguage\":\"fr-FR\",\"@id\":\"https:\\\/\\\/secure.gravatar.com\\\/avatar\\\/2ff82eb71cb3da39d2e341b0809b3848562e5a5a346c2357f4069891956fc7d4?s=96&d=mm&r=g\",\"url\":\"https:\\\/\\\/secure.gravatar.com\\\/avatar\\\/2ff82eb71cb3da39d2e341b0809b3848562e5a5a346c2357f4069891956fc7d4?s=96&d=mm&r=g\",\"contentUrl\":\"https:\\\/\\\/secure.gravatar.com\\\/avatar\\\/2ff82eb71cb3da39d2e341b0809b3848562e5a5a346c2357f4069891956fc7d4?s=96&d=mm&r=g\",\"caption\":\"Alex Noreau\"}}]}<\/script>\n<!-- \/ Yoast SEO plugin. -->","yoast_head_json":{"title":"Nous Embauchons : Directeur(rice) des communications et du d\u00e9veloppement - Ottawa Food Bank","robots":{"index":"index","follow":"follow","max-snippet":"max-snippet:-1","max-image-preview":"max-image-preview:large","max-video-preview":"max-video-preview:-1"},"canonical":"https:\/\/www.ottawafoodbank.ca\/fr\/nous-embauchons-directeurrice-des-communications-et-du-developpement\/","og_locale":"fr_FR","og_type":"article","og_title":"Nous Embauchons : Directeur(rice) des communications et du d\u00e9veloppement - Ottawa Food Bank","og_description":"La Banque d&rsquo;alimentation d&rsquo;Ottawa est \u00e0 la recherche d&rsquo;une personne pour occuper le poste \u00e0 temps plein de directeur ou directrice des communications et du d\u00e9veloppement. Comme directeur ou directrice [&hellip;]","og_url":"https:\/\/www.ottawafoodbank.ca\/fr\/nous-embauchons-directeurrice-des-communications-et-du-developpement\/","og_site_name":"Ottawa Food Bank","article_publisher":"http:\/\/www.facebook.com\/OttawaFoodBank","article_published_time":"2022-01-24T17:59:23+00:00","og_image":[{"width":1200,"height":630,"url":"https:\/\/www.ottawafoodbank.ca\/wp-content\/uploads\/2021\/10\/Nous-Embauchons.png","type":"image\/png"}],"author":"Alex Noreau","twitter_card":"summary_large_image","twitter_creator":"@OttawaFoodBank","twitter_site":"@OttawaFoodBank","twitter_misc":{"\u00c9crit par":"Alex Noreau","Dur\u00e9e de lecture estim\u00e9e":"2 minutes"},"schema":{"@context":"https:\/\/schema.org","@graph":[{"@type":"Article","@id":"https:\/\/www.ottawafoodbank.ca\/fr\/nous-embauchons-directeurrice-des-communications-et-du-developpement\/#article","isPartOf":{"@id":"https:\/\/www.ottawafoodbank.ca\/fr\/nous-embauchons-directeurrice-des-communications-et-du-developpement\/"},"author":{"name":"Alex Noreau","@id":"https:\/\/www.ottawafoodbank.ca\/fr\/#\/schema\/person\/27670ba69cee675a71b4a6b0ae853d62"},"headline":"Nous Embauchons : Directeur(rice) des communications et du d\u00e9veloppement","datePublished":"2022-01-24T17:59:23+00:00","mainEntityOfPage":{"@id":"https:\/\/www.ottawafoodbank.ca\/fr\/nous-embauchons-directeurrice-des-communications-et-du-developpement\/"},"wordCount":243,"commentCount":0,"publisher":{"@id":"https:\/\/www.ottawafoodbank.ca\/fr\/#organization"},"image":{"@id":"https:\/\/www.ottawafoodbank.ca\/fr\/nous-embauchons-directeurrice-des-communications-et-du-developpement\/#primaryimage"},"thumbnailUrl":"https:\/\/www.ottawafoodbank.ca\/wp-content\/uploads\/2021\/10\/Nous-Embauchons.png","articleSection":["\u00c0 d\u00e9couvrir","Blog"],"inLanguage":"fr-FR","potentialAction":[{"@type":"CommentAction","name":"Comment","target":["https:\/\/www.ottawafoodbank.ca\/fr\/nous-embauchons-directeurrice-des-communications-et-du-developpement\/#respond"]}]},{"@type":"WebPage","@id":"https:\/\/www.ottawafoodbank.ca\/fr\/nous-embauchons-directeurrice-des-communications-et-du-developpement\/","url":"https:\/\/www.ottawafoodbank.ca\/fr\/nous-embauchons-directeurrice-des-communications-et-du-developpement\/","name":"Nous Embauchons : Directeur(rice) des communications et du d\u00e9veloppement - Ottawa Food Bank","isPartOf":{"@id":"https:\/\/www.ottawafoodbank.ca\/fr\/#website"},"primaryImageOfPage":{"@id":"https:\/\/www.ottawafoodbank.ca\/fr\/nous-embauchons-directeurrice-des-communications-et-du-developpement\/#primaryimage"},"image":{"@id":"https:\/\/www.ottawafoodbank.ca\/fr\/nous-embauchons-directeurrice-des-communications-et-du-developpement\/#primaryimage"},"thumbnailUrl":"https:\/\/www.ottawafoodbank.ca\/wp-content\/uploads\/2021\/10\/Nous-Embauchons.png","datePublished":"2022-01-24T17:59:23+00:00","breadcrumb":{"@id":"https:\/\/www.ottawafoodbank.ca\/fr\/nous-embauchons-directeurrice-des-communications-et-du-developpement\/#breadcrumb"},"inLanguage":"fr-FR","potentialAction":[{"@type":"ReadAction","target":["https:\/\/www.ottawafoodbank.ca\/fr\/nous-embauchons-directeurrice-des-communications-et-du-developpement\/"]}]},{"@type":"ImageObject","inLanguage":"fr-FR","@id":"https:\/\/www.ottawafoodbank.ca\/fr\/nous-embauchons-directeurrice-des-communications-et-du-developpement\/#primaryimage","url":"https:\/\/www.ottawafoodbank.ca\/wp-content\/uploads\/2021\/10\/Nous-Embauchons.png","contentUrl":"https:\/\/www.ottawafoodbank.ca\/wp-content\/uploads\/2021\/10\/Nous-Embauchons.png","width":1200,"height":630},{"@type":"BreadcrumbList","@id":"https:\/\/www.ottawafoodbank.ca\/fr\/nous-embauchons-directeurrice-des-communications-et-du-developpement\/#breadcrumb","itemListElement":[{"@type":"ListItem","position":1,"name":"Accueil","item":"https:\/\/www.ottawafoodbank.ca\/fr\/accueil\/"},{"@type":"ListItem","position":2,"name":"\u00c0 d\u00e9couvrir","item":"https:\/\/www.ottawafoodbank.ca\/fr\/category\/a-decouvrir\/"},{"@type":"ListItem","position":3,"name":"Nous Embauchons : Directeur(rice) des communications et du d\u00e9veloppement"}]},{"@type":"WebSite","@id":"https:\/\/www.ottawafoodbank.ca\/fr\/#website","url":"https:\/\/www.ottawafoodbank.ca\/fr\/","name":"Ottawa Food Bank","description":"People succeed when they aren&#039;t hungry. We make that happen.","publisher":{"@id":"https:\/\/www.ottawafoodbank.ca\/fr\/#organization"},"potentialAction":[{"@type":"SearchAction","target":{"@type":"EntryPoint","urlTemplate":"https:\/\/www.ottawafoodbank.ca\/fr\/?s={search_term_string}"},"query-input":{"@type":"PropertyValueSpecification","valueRequired":true,"valueName":"search_term_string"}}],"inLanguage":"fr-FR"},{"@type":"Organization","@id":"https:\/\/www.ottawafoodbank.ca\/fr\/#organization","name":"Ottawa Food Bank","url":"https:\/\/www.ottawafoodbank.ca\/fr\/","logo":{"@type":"ImageObject","inLanguage":"fr-FR","@id":"https:\/\/www.ottawafoodbank.ca\/fr\/#\/schema\/logo\/image\/","url":"https:\/\/www.ottawafoodbank.ca\/wp-content\/uploads\/2019\/07\/OFB-logo2011-R-BILING.jpg","contentUrl":"https:\/\/www.ottawafoodbank.ca\/wp-content\/uploads\/2019\/07\/OFB-logo2011-R-BILING.jpg","width":466,"height":259,"caption":"Ottawa Food Bank"},"image":{"@id":"https:\/\/www.ottawafoodbank.ca\/fr\/#\/schema\/logo\/image\/"},"sameAs":["http:\/\/www.facebook.com\/OttawaFoodBank","https:\/\/x.com\/OttawaFoodBank","https:\/\/instagram.com\/ottawafoodbank","http:\/\/www.youtube.com\/ottawafoodbank"]},{"@type":"Person","@id":"https:\/\/www.ottawafoodbank.ca\/fr\/#\/schema\/person\/27670ba69cee675a71b4a6b0ae853d62","name":"Alex Noreau","image":{"@type":"ImageObject","inLanguage":"fr-FR","@id":"https:\/\/secure.gravatar.com\/avatar\/2ff82eb71cb3da39d2e341b0809b3848562e5a5a346c2357f4069891956fc7d4?s=96&d=mm&r=g","url":"https:\/\/secure.gravatar.com\/avatar\/2ff82eb71cb3da39d2e341b0809b3848562e5a5a346c2357f4069891956fc7d4?s=96&d=mm&r=g","contentUrl":"https:\/\/secure.gravatar.com\/avatar\/2ff82eb71cb3da39d2e341b0809b3848562e5a5a346c2357f4069891956fc7d4?s=96&d=mm&r=g","caption":"Alex Noreau"}}]}},"_links":{"self":[{"href":"https:\/\/www.ottawafoodbank.ca\/fr\/wp-json\/wp\/v2\/posts\/33653","targetHints":{"allow":["GET"]}}],"collection":[{"href":"https:\/\/www.ottawafoodbank.ca\/fr\/wp-json\/wp\/v2\/posts"}],"about":[{"href":"https:\/\/www.ottawafoodbank.ca\/fr\/wp-json\/wp\/v2\/types\/post"}],"author":[{"embeddable":true,"href":"https:\/\/www.ottawafoodbank.ca\/fr\/wp-json\/wp\/v2\/users\/7"}],"replies":[{"embeddable":true,"href":"https:\/\/www.ottawafoodbank.ca\/fr\/wp-json\/wp\/v2\/comments?post=33653"}],"version-history":[{"count":5,"href":"https:\/\/www.ottawafoodbank.ca\/fr\/wp-json\/wp\/v2\/posts\/33653\/revisions"}],"predecessor-version":[{"id":33664,"href":"https:\/\/www.ottawafoodbank.ca\/fr\/wp-json\/wp\/v2\/posts\/33653\/revisions\/33664"}],"wp:featuredmedia":[{"embeddable":true,"href":"https:\/\/www.ottawafoodbank.ca\/fr\/wp-json\/wp\/v2\/media\/32794"}],"wp:attachment":[{"href":"https:\/\/www.ottawafoodbank.ca\/fr\/wp-json\/wp\/v2\/media?parent=33653"}],"wp:term":[{"taxonomy":"category","embeddable":true,"href":"https:\/\/www.ottawafoodbank.ca\/fr\/wp-json\/wp\/v2\/categories?post=33653"},{"taxonomy":"post_tag","embeddable":true,"href":"https:\/\/www.ottawafoodbank.ca\/fr\/wp-json\/wp\/v2\/tags?post=33653"}],"curies":[{"name":"wp","href":"https:\/\/api.w.org\/{rel}","templated":true}]}}