{"id":43758,"date":"2023-09-01T10:27:13","date_gmt":"2023-09-01T14:27:13","guid":{"rendered":"https:\/\/www.ottawafoodbank.ca\/nous-embauchons-coordination-lengagement-communautaire-et-des-evenements\/"},"modified":"2023-09-01T10:28:05","modified_gmt":"2023-09-01T14:28:05","slug":"nous-embauchons-coordination-lengagement-communautaire-et-des-evenements","status":"publish","type":"post","link":"https:\/\/www.ottawafoodbank.ca\/fr\/nous-embauchons-coordination-lengagement-communautaire-et-des-evenements\/","title":{"rendered":"Nous embauchons : Coordination, l\u2019engagement communautaire et des \u00e9v\u00e9nements"},"content":{"rendered":"\t\t<div data-elementor-type=\"wp-post\" data-elementor-id=\"43758\" class=\"elementor elementor-43758 elementor-43745\" data-elementor-post-type=\"post\">\n\t\t\t\t\t\t<section class=\"elementor-section elementor-top-section elementor-element elementor-element-8fbab25 elementor-section-boxed elementor-section-height-default elementor-section-height-default\" data-id=\"8fbab25\" data-element_type=\"section\" data-e-type=\"section\" data-settings=\"{&quot;jet_parallax_layout_list&quot;:[]}\">\n\t\t\t\t\t\t<div class=\"elementor-container elementor-column-gap-default\">\n\t\t\t\t\t<div class=\"elementor-column elementor-col-100 elementor-top-column elementor-element elementor-element-b62ceea\" data-id=\"b62ceea\" data-element_type=\"column\" data-e-type=\"column\">\n\t\t\t<div class=\"elementor-widget-wrap elementor-element-populated\">\n\t\t\t\t\t\t<div class=\"elementor-element elementor-element-b52eace elementor-widget elementor-widget-text-editor\" data-id=\"b52eace\" data-element_type=\"widget\" data-e-type=\"widget\" data-widget_type=\"text-editor.default\">\n\t\t\t\t<div class=\"elementor-widget-container\">\n\t\t\t\t\t\t\t\t\t<h4 style=\"text-align: center;\">Joignez-vous \u00e0 l\u2019\u00e9quipe de la Banque d\u2019alimentation d\u2019Ottawa \u00e0 titre de Coordination, l\u2019engagement communautaire et des \u00e9v\u00e9nements !<\/h4>\n<p>En tant que membre essentiel de notre \u00e9quipe des communications et du d\u00e9veloppement, vous jouerez un r\u00f4le vital dans les principales activit\u00e9s de collecte de fonds de la Banque d&rsquo;alimentation d&rsquo;Ottawa, qu&rsquo;elles soient petites ou grandes. Vous collaborerez avec les partenaires m\u00e9diatiques, les commanditaires et les ambassadeurs d\u00e9vou\u00e9s de la Banque d&rsquo;alimentation d&rsquo;Ottawa pour donner vie \u00e0 nos \u00e9v\u00e9nements, qu&rsquo;il s&rsquo;agisse de petites collectes d&rsquo;aliments ou de grandes campagnes en ligne. Vous travaillerez en \u00e9troite collaboration avec le gestionnaire, l&rsquo;engagement communautaire et les partenariats, afin d&rsquo;identifier, de cultiver, de solliciter et de g\u00e9rer les \u00e9v\u00e9nements de collecte de fonds de tierces parties, ainsi que d&rsquo;aider \u00e0 organiser nos \u00e9v\u00e9nements de marque et nos \u00e9v\u00e9nements en partenariat. Vos responsabilit\u00e9s comprendront la planification, la budg\u00e9tisation, la communication, l&rsquo;obtention de dons en nature et la logistique des \u00e9v\u00e9nements afin d&rsquo;en maximiser l&rsquo;impact. En outre, vous organiserez des collectes d&rsquo;aliments \u00e0 l&rsquo;\u00e9chelle de la ville dans les \u00e9piceries locales et collaborerez avec d&rsquo;autres services de la Banque d&rsquo;alimentation d&rsquo;Ottawa pour assurer une ex\u00e9cution r\u00e9ussie.<\/p>\n<h5 style=\"text-align: center;\">Si vous \u00eates passionn\u00e9(e) par les \u00e9v\u00e8nements et d\u00e9sireux(se) de contribuer \u00e0 notre mission, posez votre candidature !<\/h5>\n\t\t\t\t\t\t\t\t<\/div>\n\t\t\t\t<\/div>\n\t\t\t\t<div class=\"elementor-element elementor-element-734e106 elementor-align-center elementor-widget elementor-widget-button\" data-id=\"734e106\" data-element_type=\"widget\" data-e-type=\"widget\" data-widget_type=\"button.default\">\n\t\t\t\t<div class=\"elementor-widget-container\">\n\t\t\t\t\t\t\t\t\t<div class=\"elementor-button-wrapper\">\n\t\t\t\t\t<a class=\"elementor-button elementor-button-link elementor-size-sm\" href=\"https:\/\/theottawafoodbank.bamboohr.com\/careers\/74\" target=\"_blank\">\n\t\t\t\t\t\t<span class=\"elementor-button-content-wrapper\">\n\t\t\t\t\t\t\t\t\t<span class=\"elementor-button-text\">Lien vers l'offre d'emploi et la candidature<\/span>\n\t\t\t\t\t<\/span>\n\t\t\t\t\t<\/a>\n\t\t\t\t<\/div>\n\t\t\t\t\t\t\t\t<\/div>\n\t\t\t\t<\/div>\n\t\t\t\t\t<\/div>\n\t\t<\/div>\n\t\t\t\t\t<\/div>\n\t\t<\/section>\n\t\t\t\t<\/div>\n\t\t","protected":false},"excerpt":{"rendered":"<p>Joignez-vous \u00e0 l\u2019\u00e9quipe de la Banque d\u2019alimentation d\u2019Ottawa \u00e0 titre de Coordination, l\u2019engagement communautaire et des \u00e9v\u00e9nements ! En tant que membre essentiel de notre \u00e9quipe des communications et du [&hellip;]<\/p>\n","protected":false},"author":19,"featured_media":43760,"comment_status":"open","ping_status":"closed","sticky":false,"template":"","format":"standard","meta":{"_acf_changed":false,"inline_featured_image":false,"footnotes":""},"categories":[124,40],"tags":[],"class_list":["post-43758","post","type-post","status-publish","format-standard","has-post-thumbnail","hentry","category-a-decouvrir","category-blog-fr"],"acf":[],"yoast_head":"<!-- This site is optimized with the Yoast SEO plugin v27.4 - https:\/\/yoast.com\/product\/yoast-seo-wordpress\/ -->\n<title>Nous embauchons : Coordination, l\u2019engagement communautaire et des \u00e9v\u00e9nements - Ottawa Food Bank<\/title>\n<meta name=\"robots\" content=\"index, follow, max-snippet:-1, max-image-preview:large, max-video-preview:-1\" \/>\n<link rel=\"canonical\" href=\"https:\/\/www.ottawafoodbank.ca\/fr\/nous-embauchons-coordination-lengagement-communautaire-et-des-evenements\/\" \/>\n<meta property=\"og:locale\" content=\"fr_FR\" \/>\n<meta property=\"og:type\" content=\"article\" \/>\n<meta property=\"og:title\" content=\"Nous embauchons : Coordination, l\u2019engagement communautaire et des \u00e9v\u00e9nements - Ottawa Food Bank\" \/>\n<meta property=\"og:description\" content=\"Joignez-vous \u00e0 l\u2019\u00e9quipe de la Banque d\u2019alimentation d\u2019Ottawa \u00e0 titre de Coordination, l\u2019engagement communautaire et des \u00e9v\u00e9nements ! En tant que membre essentiel de notre \u00e9quipe des communications et du [&hellip;]\" \/>\n<meta property=\"og:url\" content=\"https:\/\/www.ottawafoodbank.ca\/fr\/nous-embauchons-coordination-lengagement-communautaire-et-des-evenements\/\" \/>\n<meta property=\"og:site_name\" content=\"Ottawa Food Bank\" \/>\n<meta property=\"article:publisher\" content=\"http:\/\/www.facebook.com\/OttawaFoodBank\" \/>\n<meta property=\"article:published_time\" content=\"2023-09-01T14:27:13+00:00\" \/>\n<meta property=\"article:modified_time\" content=\"2023-09-01T14:28:05+00:00\" \/>\n<meta property=\"og:image\" content=\"https:\/\/www.ottawafoodbank.ca\/wp-content\/uploads\/2023\/09\/Were-Hiring-FR-01.png\" \/>\n\t<meta property=\"og:image:width\" content=\"1200\" \/>\n\t<meta property=\"og:image:height\" content=\"630\" \/>\n\t<meta property=\"og:image:type\" content=\"image\/png\" \/>\n<meta name=\"author\" content=\"Tanner Green\" \/>\n<meta name=\"twitter:card\" content=\"summary_large_image\" \/>\n<meta name=\"twitter:creator\" content=\"@OttawaFoodBank\" \/>\n<meta name=\"twitter:site\" content=\"@OttawaFoodBank\" \/>\n<meta name=\"twitter:label1\" content=\"\u00c9crit par\" \/>\n\t<meta name=\"twitter:data1\" content=\"Tanner Green\" \/>\n\t<meta name=\"twitter:label2\" content=\"Dur\u00e9e de lecture estim\u00e9e\" \/>\n\t<meta name=\"twitter:data2\" content=\"1 minute\" \/>\n<script type=\"application\/ld+json\" class=\"yoast-schema-graph\">{\"@context\":\"https:\\\/\\\/schema.org\",\"@graph\":[{\"@type\":\"Article\",\"@id\":\"https:\\\/\\\/www.ottawafoodbank.ca\\\/fr\\\/nous-embauchons-coordination-lengagement-communautaire-et-des-evenements\\\/#article\",\"isPartOf\":{\"@id\":\"https:\\\/\\\/www.ottawafoodbank.ca\\\/fr\\\/nous-embauchons-coordination-lengagement-communautaire-et-des-evenements\\\/\"},\"author\":{\"name\":\"Tanner Green\",\"@id\":\"https:\\\/\\\/www.ottawafoodbank.ca\\\/fr\\\/#\\\/schema\\\/person\\\/8a75e8a203831f95e07fb64021525d15\"},\"headline\":\"Nous embauchons : Coordination, l\u2019engagement communautaire et des \u00e9v\u00e9nements\",\"datePublished\":\"2023-09-01T14:27:13+00:00\",\"dateModified\":\"2023-09-01T14:28:05+00:00\",\"mainEntityOfPage\":{\"@id\":\"https:\\\/\\\/www.ottawafoodbank.ca\\\/fr\\\/nous-embauchons-coordination-lengagement-communautaire-et-des-evenements\\\/\"},\"wordCount\":261,\"commentCount\":0,\"publisher\":{\"@id\":\"https:\\\/\\\/www.ottawafoodbank.ca\\\/fr\\\/#organization\"},\"image\":{\"@id\":\"https:\\\/\\\/www.ottawafoodbank.ca\\\/fr\\\/nous-embauchons-coordination-lengagement-communautaire-et-des-evenements\\\/#primaryimage\"},\"thumbnailUrl\":\"https:\\\/\\\/www.ottawafoodbank.ca\\\/wp-content\\\/uploads\\\/2023\\\/09\\\/Were-Hiring-FR-01.png\",\"articleSection\":[\"\u00c0 d\u00e9couvrir\",\"Blog\"],\"inLanguage\":\"fr-FR\",\"potentialAction\":[{\"@type\":\"CommentAction\",\"name\":\"Comment\",\"target\":[\"https:\\\/\\\/www.ottawafoodbank.ca\\\/fr\\\/nous-embauchons-coordination-lengagement-communautaire-et-des-evenements\\\/#respond\"]}]},{\"@type\":\"WebPage\",\"@id\":\"https:\\\/\\\/www.ottawafoodbank.ca\\\/fr\\\/nous-embauchons-coordination-lengagement-communautaire-et-des-evenements\\\/\",\"url\":\"https:\\\/\\\/www.ottawafoodbank.ca\\\/fr\\\/nous-embauchons-coordination-lengagement-communautaire-et-des-evenements\\\/\",\"name\":\"Nous embauchons : Coordination, l\u2019engagement communautaire et des \u00e9v\u00e9nements - Ottawa Food Bank\",\"isPartOf\":{\"@id\":\"https:\\\/\\\/www.ottawafoodbank.ca\\\/fr\\\/#website\"},\"primaryImageOfPage\":{\"@id\":\"https:\\\/\\\/www.ottawafoodbank.ca\\\/fr\\\/nous-embauchons-coordination-lengagement-communautaire-et-des-evenements\\\/#primaryimage\"},\"image\":{\"@id\":\"https:\\\/\\\/www.ottawafoodbank.ca\\\/fr\\\/nous-embauchons-coordination-lengagement-communautaire-et-des-evenements\\\/#primaryimage\"},\"thumbnailUrl\":\"https:\\\/\\\/www.ottawafoodbank.ca\\\/wp-content\\\/uploads\\\/2023\\\/09\\\/Were-Hiring-FR-01.png\",\"datePublished\":\"2023-09-01T14:27:13+00:00\",\"dateModified\":\"2023-09-01T14:28:05+00:00\",\"breadcrumb\":{\"@id\":\"https:\\\/\\\/www.ottawafoodbank.ca\\\/fr\\\/nous-embauchons-coordination-lengagement-communautaire-et-des-evenements\\\/#breadcrumb\"},\"inLanguage\":\"fr-FR\",\"potentialAction\":[{\"@type\":\"ReadAction\",\"target\":[\"https:\\\/\\\/www.ottawafoodbank.ca\\\/fr\\\/nous-embauchons-coordination-lengagement-communautaire-et-des-evenements\\\/\"]}]},{\"@type\":\"ImageObject\",\"inLanguage\":\"fr-FR\",\"@id\":\"https:\\\/\\\/www.ottawafoodbank.ca\\\/fr\\\/nous-embauchons-coordination-lengagement-communautaire-et-des-evenements\\\/#primaryimage\",\"url\":\"https:\\\/\\\/www.ottawafoodbank.ca\\\/wp-content\\\/uploads\\\/2023\\\/09\\\/Were-Hiring-FR-01.png\",\"contentUrl\":\"https:\\\/\\\/www.ottawafoodbank.ca\\\/wp-content\\\/uploads\\\/2023\\\/09\\\/Were-Hiring-FR-01.png\",\"width\":1200,\"height\":630},{\"@type\":\"BreadcrumbList\",\"@id\":\"https:\\\/\\\/www.ottawafoodbank.ca\\\/fr\\\/nous-embauchons-coordination-lengagement-communautaire-et-des-evenements\\\/#breadcrumb\",\"itemListElement\":[{\"@type\":\"ListItem\",\"position\":1,\"name\":\"Accueil\",\"item\":\"https:\\\/\\\/www.ottawafoodbank.ca\\\/fr\\\/accueil\\\/\"},{\"@type\":\"ListItem\",\"position\":2,\"name\":\"\u00c0 d\u00e9couvrir\",\"item\":\"https:\\\/\\\/www.ottawafoodbank.ca\\\/fr\\\/category\\\/a-decouvrir\\\/\"},{\"@type\":\"ListItem\",\"position\":3,\"name\":\"Nous embauchons : Coordination, l\u2019engagement communautaire et des \u00e9v\u00e9nements\"}]},{\"@type\":\"WebSite\",\"@id\":\"https:\\\/\\\/www.ottawafoodbank.ca\\\/fr\\\/#website\",\"url\":\"https:\\\/\\\/www.ottawafoodbank.ca\\\/fr\\\/\",\"name\":\"Ottawa Food Bank\",\"description\":\"People succeed when they aren&#039;t hungry. We make that happen.\",\"publisher\":{\"@id\":\"https:\\\/\\\/www.ottawafoodbank.ca\\\/fr\\\/#organization\"},\"potentialAction\":[{\"@type\":\"SearchAction\",\"target\":{\"@type\":\"EntryPoint\",\"urlTemplate\":\"https:\\\/\\\/www.ottawafoodbank.ca\\\/fr\\\/?s={search_term_string}\"},\"query-input\":{\"@type\":\"PropertyValueSpecification\",\"valueRequired\":true,\"valueName\":\"search_term_string\"}}],\"inLanguage\":\"fr-FR\"},{\"@type\":\"Organization\",\"@id\":\"https:\\\/\\\/www.ottawafoodbank.ca\\\/fr\\\/#organization\",\"name\":\"Ottawa Food Bank\",\"url\":\"https:\\\/\\\/www.ottawafoodbank.ca\\\/fr\\\/\",\"logo\":{\"@type\":\"ImageObject\",\"inLanguage\":\"fr-FR\",\"@id\":\"https:\\\/\\\/www.ottawafoodbank.ca\\\/fr\\\/#\\\/schema\\\/logo\\\/image\\\/\",\"url\":\"https:\\\/\\\/www.ottawafoodbank.ca\\\/wp-content\\\/uploads\\\/2019\\\/07\\\/OFB-logo2011-R-BILING.jpg\",\"contentUrl\":\"https:\\\/\\\/www.ottawafoodbank.ca\\\/wp-content\\\/uploads\\\/2019\\\/07\\\/OFB-logo2011-R-BILING.jpg\",\"width\":466,\"height\":259,\"caption\":\"Ottawa Food Bank\"},\"image\":{\"@id\":\"https:\\\/\\\/www.ottawafoodbank.ca\\\/fr\\\/#\\\/schema\\\/logo\\\/image\\\/\"},\"sameAs\":[\"http:\\\/\\\/www.facebook.com\\\/OttawaFoodBank\",\"https:\\\/\\\/x.com\\\/OttawaFoodBank\",\"https:\\\/\\\/instagram.com\\\/ottawafoodbank\",\"http:\\\/\\\/www.youtube.com\\\/ottawafoodbank\"]},{\"@type\":\"Person\",\"@id\":\"https:\\\/\\\/www.ottawafoodbank.ca\\\/fr\\\/#\\\/schema\\\/person\\\/8a75e8a203831f95e07fb64021525d15\",\"name\":\"Tanner Green\",\"image\":{\"@type\":\"ImageObject\",\"inLanguage\":\"fr-FR\",\"@id\":\"https:\\\/\\\/secure.gravatar.com\\\/avatar\\\/cb4fadef13cfc86a9f4468691eaebffe8aeb1bb3af4000a7975cfab42ee95947?s=96&d=mm&r=g\",\"url\":\"https:\\\/\\\/secure.gravatar.com\\\/avatar\\\/cb4fadef13cfc86a9f4468691eaebffe8aeb1bb3af4000a7975cfab42ee95947?s=96&d=mm&r=g\",\"contentUrl\":\"https:\\\/\\\/secure.gravatar.com\\\/avatar\\\/cb4fadef13cfc86a9f4468691eaebffe8aeb1bb3af4000a7975cfab42ee95947?s=96&d=mm&r=g\",\"caption\":\"Tanner Green\"}}]}<\/script>\n<!-- \/ Yoast SEO plugin. -->","yoast_head_json":{"title":"Nous embauchons : Coordination, l\u2019engagement communautaire et des \u00e9v\u00e9nements - Ottawa Food Bank","robots":{"index":"index","follow":"follow","max-snippet":"max-snippet:-1","max-image-preview":"max-image-preview:large","max-video-preview":"max-video-preview:-1"},"canonical":"https:\/\/www.ottawafoodbank.ca\/fr\/nous-embauchons-coordination-lengagement-communautaire-et-des-evenements\/","og_locale":"fr_FR","og_type":"article","og_title":"Nous embauchons : Coordination, l\u2019engagement communautaire et des \u00e9v\u00e9nements - Ottawa Food Bank","og_description":"Joignez-vous \u00e0 l\u2019\u00e9quipe de la Banque d\u2019alimentation d\u2019Ottawa \u00e0 titre de Coordination, l\u2019engagement communautaire et des \u00e9v\u00e9nements ! En tant que membre essentiel de notre \u00e9quipe des communications et du [&hellip;]","og_url":"https:\/\/www.ottawafoodbank.ca\/fr\/nous-embauchons-coordination-lengagement-communautaire-et-des-evenements\/","og_site_name":"Ottawa Food Bank","article_publisher":"http:\/\/www.facebook.com\/OttawaFoodBank","article_published_time":"2023-09-01T14:27:13+00:00","article_modified_time":"2023-09-01T14:28:05+00:00","og_image":[{"width":1200,"height":630,"url":"https:\/\/www.ottawafoodbank.ca\/wp-content\/uploads\/2023\/09\/Were-Hiring-FR-01.png","type":"image\/png"}],"author":"Tanner Green","twitter_card":"summary_large_image","twitter_creator":"@OttawaFoodBank","twitter_site":"@OttawaFoodBank","twitter_misc":{"\u00c9crit par":"Tanner Green","Dur\u00e9e de lecture estim\u00e9e":"1 minute"},"schema":{"@context":"https:\/\/schema.org","@graph":[{"@type":"Article","@id":"https:\/\/www.ottawafoodbank.ca\/fr\/nous-embauchons-coordination-lengagement-communautaire-et-des-evenements\/#article","isPartOf":{"@id":"https:\/\/www.ottawafoodbank.ca\/fr\/nous-embauchons-coordination-lengagement-communautaire-et-des-evenements\/"},"author":{"name":"Tanner Green","@id":"https:\/\/www.ottawafoodbank.ca\/fr\/#\/schema\/person\/8a75e8a203831f95e07fb64021525d15"},"headline":"Nous embauchons : Coordination, l\u2019engagement communautaire et des \u00e9v\u00e9nements","datePublished":"2023-09-01T14:27:13+00:00","dateModified":"2023-09-01T14:28:05+00:00","mainEntityOfPage":{"@id":"https:\/\/www.ottawafoodbank.ca\/fr\/nous-embauchons-coordination-lengagement-communautaire-et-des-evenements\/"},"wordCount":261,"commentCount":0,"publisher":{"@id":"https:\/\/www.ottawafoodbank.ca\/fr\/#organization"},"image":{"@id":"https:\/\/www.ottawafoodbank.ca\/fr\/nous-embauchons-coordination-lengagement-communautaire-et-des-evenements\/#primaryimage"},"thumbnailUrl":"https:\/\/www.ottawafoodbank.ca\/wp-content\/uploads\/2023\/09\/Were-Hiring-FR-01.png","articleSection":["\u00c0 d\u00e9couvrir","Blog"],"inLanguage":"fr-FR","potentialAction":[{"@type":"CommentAction","name":"Comment","target":["https:\/\/www.ottawafoodbank.ca\/fr\/nous-embauchons-coordination-lengagement-communautaire-et-des-evenements\/#respond"]}]},{"@type":"WebPage","@id":"https:\/\/www.ottawafoodbank.ca\/fr\/nous-embauchons-coordination-lengagement-communautaire-et-des-evenements\/","url":"https:\/\/www.ottawafoodbank.ca\/fr\/nous-embauchons-coordination-lengagement-communautaire-et-des-evenements\/","name":"Nous embauchons : Coordination, l\u2019engagement communautaire et des \u00e9v\u00e9nements - Ottawa Food Bank","isPartOf":{"@id":"https:\/\/www.ottawafoodbank.ca\/fr\/#website"},"primaryImageOfPage":{"@id":"https:\/\/www.ottawafoodbank.ca\/fr\/nous-embauchons-coordination-lengagement-communautaire-et-des-evenements\/#primaryimage"},"image":{"@id":"https:\/\/www.ottawafoodbank.ca\/fr\/nous-embauchons-coordination-lengagement-communautaire-et-des-evenements\/#primaryimage"},"thumbnailUrl":"https:\/\/www.ottawafoodbank.ca\/wp-content\/uploads\/2023\/09\/Were-Hiring-FR-01.png","datePublished":"2023-09-01T14:27:13+00:00","dateModified":"2023-09-01T14:28:05+00:00","breadcrumb":{"@id":"https:\/\/www.ottawafoodbank.ca\/fr\/nous-embauchons-coordination-lengagement-communautaire-et-des-evenements\/#breadcrumb"},"inLanguage":"fr-FR","potentialAction":[{"@type":"ReadAction","target":["https:\/\/www.ottawafoodbank.ca\/fr\/nous-embauchons-coordination-lengagement-communautaire-et-des-evenements\/"]}]},{"@type":"ImageObject","inLanguage":"fr-FR","@id":"https:\/\/www.ottawafoodbank.ca\/fr\/nous-embauchons-coordination-lengagement-communautaire-et-des-evenements\/#primaryimage","url":"https:\/\/www.ottawafoodbank.ca\/wp-content\/uploads\/2023\/09\/Were-Hiring-FR-01.png","contentUrl":"https:\/\/www.ottawafoodbank.ca\/wp-content\/uploads\/2023\/09\/Were-Hiring-FR-01.png","width":1200,"height":630},{"@type":"BreadcrumbList","@id":"https:\/\/www.ottawafoodbank.ca\/fr\/nous-embauchons-coordination-lengagement-communautaire-et-des-evenements\/#breadcrumb","itemListElement":[{"@type":"ListItem","position":1,"name":"Accueil","item":"https:\/\/www.ottawafoodbank.ca\/fr\/accueil\/"},{"@type":"ListItem","position":2,"name":"\u00c0 d\u00e9couvrir","item":"https:\/\/www.ottawafoodbank.ca\/fr\/category\/a-decouvrir\/"},{"@type":"ListItem","position":3,"name":"Nous embauchons : Coordination, l\u2019engagement communautaire et des \u00e9v\u00e9nements"}]},{"@type":"WebSite","@id":"https:\/\/www.ottawafoodbank.ca\/fr\/#website","url":"https:\/\/www.ottawafoodbank.ca\/fr\/","name":"Ottawa Food Bank","description":"People succeed when they aren&#039;t hungry. We make that happen.","publisher":{"@id":"https:\/\/www.ottawafoodbank.ca\/fr\/#organization"},"potentialAction":[{"@type":"SearchAction","target":{"@type":"EntryPoint","urlTemplate":"https:\/\/www.ottawafoodbank.ca\/fr\/?s={search_term_string}"},"query-input":{"@type":"PropertyValueSpecification","valueRequired":true,"valueName":"search_term_string"}}],"inLanguage":"fr-FR"},{"@type":"Organization","@id":"https:\/\/www.ottawafoodbank.ca\/fr\/#organization","name":"Ottawa Food Bank","url":"https:\/\/www.ottawafoodbank.ca\/fr\/","logo":{"@type":"ImageObject","inLanguage":"fr-FR","@id":"https:\/\/www.ottawafoodbank.ca\/fr\/#\/schema\/logo\/image\/","url":"https:\/\/www.ottawafoodbank.ca\/wp-content\/uploads\/2019\/07\/OFB-logo2011-R-BILING.jpg","contentUrl":"https:\/\/www.ottawafoodbank.ca\/wp-content\/uploads\/2019\/07\/OFB-logo2011-R-BILING.jpg","width":466,"height":259,"caption":"Ottawa Food Bank"},"image":{"@id":"https:\/\/www.ottawafoodbank.ca\/fr\/#\/schema\/logo\/image\/"},"sameAs":["http:\/\/www.facebook.com\/OttawaFoodBank","https:\/\/x.com\/OttawaFoodBank","https:\/\/instagram.com\/ottawafoodbank","http:\/\/www.youtube.com\/ottawafoodbank"]},{"@type":"Person","@id":"https:\/\/www.ottawafoodbank.ca\/fr\/#\/schema\/person\/8a75e8a203831f95e07fb64021525d15","name":"Tanner Green","image":{"@type":"ImageObject","inLanguage":"fr-FR","@id":"https:\/\/secure.gravatar.com\/avatar\/cb4fadef13cfc86a9f4468691eaebffe8aeb1bb3af4000a7975cfab42ee95947?s=96&d=mm&r=g","url":"https:\/\/secure.gravatar.com\/avatar\/cb4fadef13cfc86a9f4468691eaebffe8aeb1bb3af4000a7975cfab42ee95947?s=96&d=mm&r=g","contentUrl":"https:\/\/secure.gravatar.com\/avatar\/cb4fadef13cfc86a9f4468691eaebffe8aeb1bb3af4000a7975cfab42ee95947?s=96&d=mm&r=g","caption":"Tanner Green"}}]}},"_links":{"self":[{"href":"https:\/\/www.ottawafoodbank.ca\/fr\/wp-json\/wp\/v2\/posts\/43758","targetHints":{"allow":["GET"]}}],"collection":[{"href":"https:\/\/www.ottawafoodbank.ca\/fr\/wp-json\/wp\/v2\/posts"}],"about":[{"href":"https:\/\/www.ottawafoodbank.ca\/fr\/wp-json\/wp\/v2\/types\/post"}],"author":[{"embeddable":true,"href":"https:\/\/www.ottawafoodbank.ca\/fr\/wp-json\/wp\/v2\/users\/19"}],"replies":[{"embeddable":true,"href":"https:\/\/www.ottawafoodbank.ca\/fr\/wp-json\/wp\/v2\/comments?post=43758"}],"version-history":[{"count":2,"href":"https:\/\/www.ottawafoodbank.ca\/fr\/wp-json\/wp\/v2\/posts\/43758\/revisions"}],"predecessor-version":[{"id":43762,"href":"https:\/\/www.ottawafoodbank.ca\/fr\/wp-json\/wp\/v2\/posts\/43758\/revisions\/43762"}],"wp:featuredmedia":[{"embeddable":true,"href":"https:\/\/www.ottawafoodbank.ca\/fr\/wp-json\/wp\/v2\/media\/43760"}],"wp:attachment":[{"href":"https:\/\/www.ottawafoodbank.ca\/fr\/wp-json\/wp\/v2\/media?parent=43758"}],"wp:term":[{"taxonomy":"category","embeddable":true,"href":"https:\/\/www.ottawafoodbank.ca\/fr\/wp-json\/wp\/v2\/categories?post=43758"},{"taxonomy":"post_tag","embeddable":true,"href":"https:\/\/www.ottawafoodbank.ca\/fr\/wp-json\/wp\/v2\/tags?post=43758"}],"curies":[{"name":"wp","href":"https:\/\/api.w.org\/{rel}","templated":true}]}}